{"id":66806,"date":"2015-02-23T15:10:08","date_gmt":"2015-02-23T18:10:08","guid":{"rendered":"http:\/\/www.redenoticia.com.br\/noticia\/?p=66806"},"modified":"2015-02-23T15:10:08","modified_gmt":"2015-02-23T18:10:08","slug":"confianca-da-industria-cai-31-em-relacao-a-janeiro","status":"publish","type":"post","link":"https:\/\/www.redenoticia.com.br\/noticia\/2015\/confianca-da-industria-cai-31-em-relacao-a-janeiro\/66806","title":{"rendered":"Confian\u00e7a da ind\u00fastria cai 3,1% em rela\u00e7\u00e3o a janeiro"},"content":{"rendered":"<p> O <strong><em>\u00cdndice de Confian\u00e7a da Ind\u00fastria<\/em><\/strong> (ICI) apurado na pr\u00e9via da sondagem de fevereiro ficou em 83,2 pontos, o que significa recuo de 3,1% em rela\u00e7\u00e3o ao resultado final de janeiro, que foi 85,9 pontos. Foi o menor n\u00edvel desde outubro de 2014, quando o ICI alcan\u00e7ou 82,6 pontos.<\/p>\n<p>Os dados, divulgados pelo Instituto Brasileiro de Economia da Funda\u00e7\u00e3o Getulio Vargas (Ibre\/FGV), n\u00e3o consideram a influ\u00eancia sazonal, ou seja, n\u00e3o levam em conta fatores que influenciam o consumo como feriados ou datas comemorativas. Os n\u00fameros se baseiam na Sondagem da Ind\u00fastria de Transforma\u00e7\u00e3o, que mede a tend\u00eancia das ind\u00fastrias qu\u00edmica, t\u00eaxtil, automotiva, sider\u00fargica, entre outros setores relevantes da economia.<\/p>\n<p>A Sondagem Conjuntural da Ind\u00fastria de Transforma\u00e7\u00e3o \u00e9 um levantamento estat\u00edstico com informa\u00e7\u00f5es majoritariamente de natureza qualitativa. Fornece, mensalmente, indica\u00e7\u00f5es sobre o estado geral da economia e suas tend\u00eancias podendo, desse modo, orientar decis\u00f5es empresariais e de pol\u00edtica econ\u00f4mica.<\/p>\n<p>O resultado de fevereiro foi influenciado tanto pela piora das avalia\u00e7\u00f5es sobre o momento presente quanto das expectativas em rela\u00e7\u00e3o aos meses seguintes.<\/p>\n<p>Para a pr\u00e9via de fevereiro de 2015 foram consultadas 783 empresas entre os dias 2 e 19 deste m\u00eas. O resultado final da pesquisa ser\u00e1 divulgado na sexta-feira (27).<\/p>\n<p>Nielmar de Oliveira &#8211; Rep\u00f3rter da Ag\u00eancia Brasil<br \/>\nEdi\u00e7\u00e3o: Jos\u00e9 Romildo<\/p>\n","protected":false},"excerpt":{"rendered":"<p>O \u00cdndice de Confian\u00e7a da Ind\u00fastria (ICI) apurado na pr\u00e9via da sondagem de fevereiro ficou em 83,2 pontos, o que significa recuo de 3,1% em rela\u00e7\u00e3o ao resultado final de janeiro, que foi 85,9 pontos. Foi o menor n\u00edvel desde outubro de 2014, quando o ICI alcan\u00e7ou 82,6 pontos. Os dados, divulgados pelo Instituto Brasileiro [&hellip;]<\/p>\n","protected":false},"author":2,"featured_media":57585,"comment_status":"open","ping_status":"closed","sticky":false,"template":"","format":"standard","meta":{"_genesis_hide_title":false,"_genesis_hide_breadcrumbs":false,"_genesis_hide_singular_image":false,"_genesis_hide_footer_widgets":false,"_genesis_custom_body_class":"","_genesis_custom_post_class":"","_genesis_layout":"","_jetpack_memberships_contains_paid_content":false,"footnotes":""},"categories":[22,7],"tags":[],"class_list":{"0":"post-66806","1":"post","2":"type-post","3":"status-publish","4":"format-standard","5":"has-post-thumbnail","7":"category-brasil","8":"category-economia","9":"entry","10":"gs-1","11":"gs-odd","12":"gs-even","13":"gs-featured-content-entry"},"jetpack_featured_media_url":"https:\/\/www.redenoticia.com.br\/noticia\/imagens\/analise-economia.jpg","jetpack_sharing_enabled":true,"jetpack_likes_enabled":true,"_links":{"self":[{"href":"https:\/\/www.redenoticia.com.br\/noticia\/wp-json\/wp\/v2\/posts\/66806","targetHints":{"allow":["GET"]}}],"collection":[{"href":"https:\/\/www.redenoticia.com.br\/noticia\/wp-json\/wp\/v2\/posts"}],"about":[{"href":"https:\/\/www.redenoticia.com.br\/noticia\/wp-json\/wp\/v2\/types\/post"}],"author":[{"embeddable":true,"href":"https:\/\/www.redenoticia.com.br\/noticia\/wp-json\/wp\/v2\/users\/2"}],"replies":[{"embeddable":true,"href":"https:\/\/www.redenoticia.com.br\/noticia\/wp-json\/wp\/v2\/comments?post=66806"}],"version-history":[{"count":0,"href":"https:\/\/www.redenoticia.com.br\/noticia\/wp-json\/wp\/v2\/posts\/66806\/revisions"}],"wp:featuredmedia":[{"embeddable":true,"href":"https:\/\/www.redenoticia.com.br\/noticia\/wp-json\/wp\/v2\/media\/57585"}],"wp:attachment":[{"href":"https:\/\/www.redenoticia.com.br\/noticia\/wp-json\/wp\/v2\/media?parent=66806"}],"wp:term":[{"taxonomy":"category","embeddable":true,"href":"https:\/\/www.redenoticia.com.br\/noticia\/wp-json\/wp\/v2\/categories?post=66806"},{"taxonomy":"post_tag","embeddable":true,"href":"https:\/\/www.redenoticia.com.br\/noticia\/wp-json\/wp\/v2\/tags?post=66806"}],"curies":[{"name":"wp","href":"https:\/\/api.w.org\/{rel}","templated":true}]}}