{"id":66804,"date":"2015-02-23T15:05:55","date_gmt":"2015-02-23T18:05:55","guid":{"rendered":"http:\/\/www.redenoticia.com.br\/noticia\/?p=66804"},"modified":"2015-02-23T15:05:55","modified_gmt":"2015-02-23T18:05:55","slug":"inflacao-medida-pelo-ipc-s-perde-forca-na-terceira-previa-do-mes","status":"publish","type":"post","link":"https:\/\/www.redenoticia.com.br\/noticia\/2015\/inflacao-medida-pelo-ipc-s-perde-forca-na-terceira-previa-do-mes\/66804","title":{"rendered":"Infla\u00e7\u00e3o medida pelo IPC-S perde for\u00e7a na terceira pr\u00e9via do m\u00eas"},"content":{"rendered":"<p> O <strong><em>\u00cdndice de Pre\u00e7os ao Consumidor Semanal<\/em><\/strong> (IPC-S) atingiu alta de 1,08%, na terceira pr\u00e9via do m\u00eas, resultado 0,19 ponto percentual menor do que o da segunda apura\u00e7\u00e3o de fevereiro (1,27%). O levantamento, feito pelo Instituto Brasileiro de Economia da Funda\u00e7\u00e3o Getulio Vargas (Ibre\/FGV), indica que sete dos oito grupos pesquisados apresentaram decr\u00e9scimo nas taxas.<\/p>\n<p>A pesquisa refere-se aos pre\u00e7os coletados entre os dias 23 de janeiro e 22 de fevereiro comparados aos do per\u00edodo de 23 de dezembro a 22 de janeiro. Os dados englobam sete capitais: Recife, Salvador, Rio de Janeiro, S\u00e3o Paulo, Belo Horizonte, Bras\u00edlia e Porto Alegre.<\/p>\n<p>O peso inflacion\u00e1rio foi atenuado, principalmente, pelo grupo educa\u00e7\u00e3o, leitura e recrea\u00e7\u00e3o, que registrou alta de 0,58%, bem abaixo da taxa da medi\u00e7\u00e3o anterior (1,46%). Em habita\u00e7\u00e3o, o \u00edndice passou de 1,38% para 1,11%, com destaque para a tarifa de eletricidade residencial (de 4,85% para 2,88%).<\/p>\n<p>No grupo alimenta\u00e7\u00e3o, a infla\u00e7\u00e3o atingiu 0,95%, ligeiramente inferior \u00e0 do levantamento anterior (1,1%). Entre os principais impactos est\u00e1 a redu\u00e7\u00e3o da taxa de hortali\u00e7as e legumes (de 6,93% para 5,09%). Em transportes, o IPC-S teve varia\u00e7\u00e3o de 2,46%, um pouco abaixo da verificada na segunda pr\u00e9via do m\u00eas (2,56%), sob o efeito da tarifa de \u00f4nibus urbano (de 5,90% para 3,55%).<\/p>\n<p>Em despesas diversas, tamb\u00e9m houve diminui\u00e7\u00e3o da taxa, que passou de 1,58% para 1,43%. Nessa classe de despesas, o resultado foi influenciado pelos pre\u00e7os dos cigarros (de 2,81% para 2,33%).<\/p>\n<p>No grupo comunica\u00e7\u00e3o, foi constatada queda no ritmo de corre\u00e7\u00f5es, com varia\u00e7\u00e3o de 0,32%. Na apura\u00e7\u00e3o da segunda pr\u00e9via do m\u00eas, esse grupo havia apresentado alta de 0,36%. Os pre\u00e7os dos pacotes de telefonia fixa e internet ca\u00edram 0,05%. No levantamento anterior, havia sido constatada eleva\u00e7\u00e3o de 0,28%.<\/p>\n<p>O grupo vestu\u00e1rio, que havia registrado estabilidade na taxa, apresentou recuo de 0,02% nessa pesquisa. A queda reflete a corre\u00e7\u00e3o menor dos cal\u00e7ados (de 0,42% para 0,23%).<\/p>\n<p>O \u00fanico grupo com aumento superior ao da apura\u00e7\u00e3o passada foi sa\u00fade e cuidados pessoais (de 0,33% para 0,37%). Entre os itens pesquisados, destacam-se os artigos de higiene e cuidado pessoal (de -0,87% para -0,67%).<\/p>\n<p>Os cinco itens de maior press\u00e3o inflacion\u00e1ria foram: gasolina (5,09%), tarifa de \u00f4nibus urbano (3,55%), refei\u00e7\u00f5es em bares e restaurantes (1,32%), tarifa de eletricidade residencial (2,88%) e autom\u00f3vel novo (1,67%). J\u00e1 os cinco que mais contribu\u00edram para diminuir a for\u00e7a do \u00edndice foram passagem a\u00e9rea (-22,51%), leite do tipo longa vida (-3,55%), perfume (-1,23%), show musical (-2,07%) e blusa feminina (-1,53%).<\/p>\n<p>Marli Moreira \u2013 Rep\u00f3rter da Ag\u00eancia Brasil<br \/>\nEdi\u00e7\u00e3o: Juliana Andrade<\/p>\n","protected":false},"excerpt":{"rendered":"<p>O \u00cdndice de Pre\u00e7os ao Consumidor Semanal (IPC-S) atingiu alta de 1,08%, na terceira pr\u00e9via do m\u00eas, resultado 0,19 ponto percentual menor do que o da segunda apura\u00e7\u00e3o de fevereiro (1,27%). O levantamento, feito pelo Instituto Brasileiro de Economia da Funda\u00e7\u00e3o Getulio Vargas (Ibre\/FGV), indica que sete dos oito grupos pesquisados apresentaram decr\u00e9scimo nas taxas. [&hellip;]<\/p>\n","protected":false},"author":2,"featured_media":57584,"comment_status":"open","ping_status":"closed","sticky":false,"template":"","format":"standard","meta":{"_genesis_hide_title":false,"_genesis_hide_breadcrumbs":false,"_genesis_hide_singular_image":false,"_genesis_hide_footer_widgets":false,"_genesis_custom_body_class":"","_genesis_custom_post_class":"","_genesis_layout":"","_jetpack_memberships_contains_paid_content":false,"footnotes":""},"categories":[22,7],"tags":[],"class_list":{"0":"post-66804","1":"post","2":"type-post","3":"status-publish","4":"format-standard","5":"has-post-thumbnail","7":"category-brasil","8":"category-economia","9":"entry","10":"gs-1","11":"gs-odd","12":"gs-even","13":"gs-featured-content-entry"},"jetpack_featured_media_url":"https:\/\/www.redenoticia.com.br\/noticia\/imagens\/economia-grafica-analise-inflacao.jpg","jetpack_sharing_enabled":true,"jetpack_likes_enabled":true,"_links":{"self":[{"href":"https:\/\/www.redenoticia.com.br\/noticia\/wp-json\/wp\/v2\/posts\/66804","targetHints":{"allow":["GET"]}}],"collection":[{"href":"https:\/\/www.redenoticia.com.br\/noticia\/wp-json\/wp\/v2\/posts"}],"about":[{"href":"https:\/\/www.redenoticia.com.br\/noticia\/wp-json\/wp\/v2\/types\/post"}],"author":[{"embeddable":true,"href":"https:\/\/www.redenoticia.com.br\/noticia\/wp-json\/wp\/v2\/users\/2"}],"replies":[{"embeddable":true,"href":"https:\/\/www.redenoticia.com.br\/noticia\/wp-json\/wp\/v2\/comments?post=66804"}],"version-history":[{"count":0,"href":"https:\/\/www.redenoticia.com.br\/noticia\/wp-json\/wp\/v2\/posts\/66804\/revisions"}],"wp:featuredmedia":[{"embeddable":true,"href":"https:\/\/www.redenoticia.com.br\/noticia\/wp-json\/wp\/v2\/media\/57584"}],"wp:attachment":[{"href":"https:\/\/www.redenoticia.com.br\/noticia\/wp-json\/wp\/v2\/media?parent=66804"}],"wp:term":[{"taxonomy":"category","embeddable":true,"href":"https:\/\/www.redenoticia.com.br\/noticia\/wp-json\/wp\/v2\/categories?post=66804"},{"taxonomy":"post_tag","embeddable":true,"href":"https:\/\/www.redenoticia.com.br\/noticia\/wp-json\/wp\/v2\/tags?post=66804"}],"curies":[{"name":"wp","href":"https:\/\/api.w.org\/{rel}","templated":true}]}}