{"id":66798,"date":"2015-02-23T14:59:28","date_gmt":"2015-02-23T17:59:28","guid":{"rendered":"http:\/\/www.redenoticia.com.br\/noticia\/?p=66798"},"modified":"2015-02-23T14:59:28","modified_gmt":"2015-02-23T17:59:28","slug":"livro-sobre-15-anos-da-biblioteca-eletronica","status":"publish","type":"post","link":"https:\/\/www.redenoticia.com.br\/noticia\/2015\/livro-sobre-15-anos-da-biblioteca-eletronica\/66798","title":{"rendered":"Livro sobre 15 anos da biblioteca eletr\u00f4nica"},"content":{"rendered":"<p> Por Diego Freire Ag\u00eancia FAPESP \u2013 Com o objetivo de apresentar \u00e0 comunidade cient\u00edfica internacional sua experi\u00eancia bem-sucedida como modelo para a publica\u00e7\u00e3o eletr\u00f4nica cooperativa de peri\u00f3dicos cient\u00edficos na internet, o Scientific Electronic Library On Line (SciELO) lan\u00e7ou, em parceria com a Organiza\u00e7\u00e3o das Na\u00e7\u00f5es Unidas para a Educa\u00e7\u00e3o, a Ci\u00eancia e a Cultura (Unesco), a publica\u00e7\u00e3o SciELO \u2013 15 Anos de Acesso Aberto: um estudo anal\u00edtico sobre <strong><em>acesso aberto e comunica\u00e7\u00e3o cient\u00edfica<\/em><\/strong>.<\/p>\n<p>A obra, publicada em portugu\u00eas, ingl\u00eas e espanhol, relata a origem do SciELO, , tratando do contexto em que a biblioteca eletr\u00f4nica foi idealizada e desenvolvida, suas contribui\u00e7\u00f5es para a comunica\u00e7\u00e3o cient\u00edfica, os meios utilizados para garantir a visibilidade e a acessibilidade universal da literatura cient\u00edfica que comunica, os resultados alcan\u00e7ados e seu sistema de controle de qualidade e produ\u00e7\u00e3o, entre outros assuntos.<\/p>\n<p>De acordo com Abel Packer, diretor do , a publica\u00e7\u00e3o retrata o pioneirismo da biblioteca.<\/p>\n<p>\u201cO SciELO integra as fun\u00e7\u00f5es de indexa\u00e7\u00e3o, avalia\u00e7\u00e3o de desempenho, publica\u00e7\u00e3o on-line em acesso aberto e dissemina\u00e7\u00e3o segundo padr\u00f5es internacionais. O esp\u00edrito pioneiro e o objetivo do SciELO s\u00e3o o de melhorar a qualidade, visibilidade, uso e impacto de peri\u00f3dicos que est\u00e3o dispon\u00edveis abertamente\u201d, disse.<\/p>\n<p>A rede SciELO iniciou 2015 com mais de 500 mil artigos indexados e publicados on-line, todos em acesso aberto. \u201cEsse recorde \u00e9 resultado da publica\u00e7\u00e3o regular das 13 cole\u00e7\u00f5es de peri\u00f3dicos certificadas da rede, que em mar\u00e7o de 2015 cumpre 17 anos de opera\u00e7\u00e3o desde o seu lan\u00e7amento\u201d, disse Packer.<\/p>\n<p>A publica\u00e7\u00e3o documenta a evolu\u00e7\u00e3o da biblioteca ao longo dos seus primeiros 15 anos, at\u00e9 2013. O SciELO abrange uma rede de cole\u00e7\u00f5es nacionais de peri\u00f3dicos que se estende por 16 pa\u00edses, a maioria da Am\u00e9rica Latina e do Caribe, al\u00e9m de Portugal, \u00c1frica do Sul e Espanha. Desde sua cria\u00e7\u00e3o, mais de 1.200 t\u00edtulos foram indexados pela rede SciELO; destes, cerca de 1.000 continuam ativos.<\/p>\n<p>Unesco<\/p>\n<p>A Unesco foi uma das institui\u00e7\u00f5es patrocinadoras da Confer\u00eancia SciELO 15 Anos, realizada em 2013, e, de acordo com Packer, financiou a elabora\u00e7\u00e3o do livro com o objetivo de compartilhar a experi\u00eancia da biblioteca em pol\u00edtica de pesquisa e comunica\u00e7\u00e3o cient\u00edfica, metodologias e tecnologias.<\/p>\n<p>\u201cEntre os organismos das Na\u00e7\u00f5es Unidas, a Unesco lidera a promo\u00e7\u00e3o e a ado\u00e7\u00e3o do acesso aberto ao conhecimento cient\u00edfico entendido como um bem p\u00fablico e tem o SciELO como uma das refer\u00eancias de programas e experi\u00eancias bem-sucedidas\u201d, afirmou.<\/p>\n<p>Para Indrajit Banerjee, diretor da Divis\u00e3o de Sociedades do Conhecimento, Comunica\u00e7\u00e3o e Informa\u00e7\u00e3o da Unesco, os n\u00fameros registrados pelo SciELO evidenciam sua import\u00e2ncia para a ci\u00eancia mundial.<\/p>\n<p>\u201cO SciELO foi lan\u00e7ado quatro anos antes da  e seis anos antes da  sobre o acesso aberto e foi pioneiro neste conceito, trazendo a pesquisa para o f\u00e1cil acesso das pessoas comuns. Passando de dez peri\u00f3dicos em uma reuni\u00e3o p\u00fablica em S\u00e3o Paulo, em seu in\u00edcio, para o n\u00edvel atual de mil peri\u00f3dicos e 500 mil artigos dispon\u00edveis gratuitamente, trata-se de um feito not\u00e1vel e um exemplo de abordagem de acesso aberto por excel\u00eancia\u201d, disse Banerjee.<\/p>\n<p>A publica\u00e7\u00e3o do livro ocorre em meio aos esfor\u00e7os da Unesco de promo\u00e7\u00e3o do acesso aberto \u00e0 informa\u00e7\u00e3o e \u00e0 pesquisa cient\u00edfica. O conselho de administra\u00e7\u00e3o e a confer\u00eancia geral da organiza\u00e7\u00e3o aprovaram estrat\u00e9gias para o incentivo a a\u00e7\u00f5es que forne\u00e7am exemplos de acesso aberto replic\u00e1veis para todos os pa\u00edses.<\/p>\n<p>O livro apresenta, entre outros aspectos do SciELO, o car\u00e1ter multil\u00edngue da biblioteca. Nos 17 anos da rede, predominam artigos em portugu\u00eas (41%), devido ao tamanho da cole\u00e7\u00e3o hist\u00f3rica do Brasil, seguidos dos artigos em espanhol (39%) e ingl\u00eas (31%). Mas, considerando a produ\u00e7\u00e3o anual recente, e tomando o ano de 2013 como base, predominam artigos em espanhol (42%), seguidos de publica\u00e7\u00f5es em ingl\u00eas (39%) e em portugu\u00eas (31%).<\/p>\n<p>O livro SciELO \u2013 15 Anos de Acesso Aberto: um estudo anal\u00edtico sobre acesso aberto e comunica\u00e7\u00e3o cient\u00edfica est\u00e1 dividido em 10 cap\u00edtulos, escritos por 11 autores brasileiros e quatro estrangeiros, e foi organizado por cinco editores: Abel Packer, Nicholas Cop, Adriana Luccisano, Amanda Ramalho e Ernesto Spinak.<\/p>\n<p>A obra est\u00e1 dispon\u00edvel para download em\u00a0<\/p>\n","protected":false},"excerpt":{"rendered":"<p>Por Diego Freire Ag\u00eancia FAPESP \u2013 Com o objetivo de apresentar \u00e0 comunidade cient\u00edfica internacional sua experi\u00eancia bem-sucedida como modelo para a publica\u00e7\u00e3o eletr\u00f4nica cooperativa de peri\u00f3dicos cient\u00edficos na internet, o Scientific Electronic Library On Line (SciELO) lan\u00e7ou, em parceria com a Organiza\u00e7\u00e3o das Na\u00e7\u00f5es Unidas para a Educa\u00e7\u00e3o, a Ci\u00eancia e a Cultura (Unesco), [&hellip;]<\/p>\n","protected":false},"author":2,"featured_media":57577,"comment_status":"open","ping_status":"closed","sticky":false,"template":"","format":"standard","meta":{"_genesis_hide_title":false,"_genesis_hide_breadcrumbs":false,"_genesis_hide_singular_image":false,"_genesis_hide_footer_widgets":false,"_genesis_custom_body_class":"","_genesis_custom_post_class":"","_genesis_layout":"","_jetpack_memberships_contains_paid_content":false,"footnotes":""},"categories":[22],"tags":[],"class_list":{"0":"post-66798","1":"post","2":"type-post","3":"status-publish","4":"format-standard","5":"has-post-thumbnail","7":"category-brasil","8":"entry","9":"gs-1","10":"gs-odd","11":"gs-even","12":"gs-featured-content-entry"},"jetpack_featured_media_url":"https:\/\/www.redenoticia.com.br\/noticia\/imagens\/tecnologia-inscricao.jpg","jetpack_sharing_enabled":true,"jetpack_likes_enabled":true,"_links":{"self":[{"href":"https:\/\/www.redenoticia.com.br\/noticia\/wp-json\/wp\/v2\/posts\/66798","targetHints":{"allow":["GET"]}}],"collection":[{"href":"https:\/\/www.redenoticia.com.br\/noticia\/wp-json\/wp\/v2\/posts"}],"about":[{"href":"https:\/\/www.redenoticia.com.br\/noticia\/wp-json\/wp\/v2\/types\/post"}],"author":[{"embeddable":true,"href":"https:\/\/www.redenoticia.com.br\/noticia\/wp-json\/wp\/v2\/users\/2"}],"replies":[{"embeddable":true,"href":"https:\/\/www.redenoticia.com.br\/noticia\/wp-json\/wp\/v2\/comments?post=66798"}],"version-history":[{"count":0,"href":"https:\/\/www.redenoticia.com.br\/noticia\/wp-json\/wp\/v2\/posts\/66798\/revisions"}],"wp:featuredmedia":[{"embeddable":true,"href":"https:\/\/www.redenoticia.com.br\/noticia\/wp-json\/wp\/v2\/media\/57577"}],"wp:attachment":[{"href":"https:\/\/www.redenoticia.com.br\/noticia\/wp-json\/wp\/v2\/media?parent=66798"}],"wp:term":[{"taxonomy":"category","embeddable":true,"href":"https:\/\/www.redenoticia.com.br\/noticia\/wp-json\/wp\/v2\/categories?post=66798"},{"taxonomy":"post_tag","embeddable":true,"href":"https:\/\/www.redenoticia.com.br\/noticia\/wp-json\/wp\/v2\/tags?post=66798"}],"curies":[{"name":"wp","href":"https:\/\/api.w.org\/{rel}","templated":true}]}}