{"id":66689,"date":"2015-02-20T14:49:14","date_gmt":"2015-02-20T16:49:14","guid":{"rendered":"http:\/\/www.redenoticia.com.br\/noticia\/?p=66689"},"modified":"2015-02-20T14:49:14","modified_gmt":"2015-02-20T16:49:14","slug":"iace-mostra-piora-das-expectativas-para-economia-nos-proximos-meses","status":"publish","type":"post","link":"https:\/\/www.redenoticia.com.br\/noticia\/2015\/iace-mostra-piora-das-expectativas-para-economia-nos-proximos-meses\/66689","title":{"rendered":"Iace mostra piora das expectativas para economia nos pr\u00f3ximos meses"},"content":{"rendered":"<p> O <strong><em>Indicador Antecedente Composto da Economia<\/em><\/strong> (Iace) para o Brasil caiu 1,6% em janeiro, ficando em 93,6 pontos. Foi revisado ainda o \u00edndice de dezembro, avaliado como est\u00e1vel e agora apresenta queda de 0,2%. Como o indicador tamb\u00e9m caiu em novembro (1,4%), acumula agora tr\u00eas retra\u00e7\u00f5es sucessivas. O indicador \u00e9 aferido pelo Instituto Brasileiro de Economia da Funda\u00e7\u00e3o Getulio Vargas (Ibre\/FGV) em parceria com o The Conference Board (TCB), institui\u00e7\u00e3o sem fins lucrativos americana.<\/p>\n<p>\u201cA expectativa \u00e9 que a economia continue muito fraca, com fatores adicionais que aumentam o risco da economia entrar em um per\u00edodo recessivo\u201d, ressaltou o superintendente de ciclos econ\u00f4micos do Ibre, Aloisio Campelo. Segundo o economista, os \u00edndices tem mostrado que a economia est\u00e1 estagnada, com fatores que podem piorar as perspectivas. \u201cUm aperto fiscal pela frente. A pol\u00edtica monet\u00e1ria tamb\u00e9m est\u00e1 apertada. H\u00e1 riscos envolvidos com potencial racionamento de energia ou de \u00e1gua, ou ambos\u201d, enumerou.<\/p>\n<p> O resultado mais recente do Iace mostra que as expectativas em rela\u00e7\u00e3o a economia voltaram a piorar ap\u00f3s um curto per\u00edodo de otimismo. \u201cNa medida que o terceiro trimestre mostrou um n\u00edvel de atividade um pouco melhor, houve alguma melhora de expectativas\u201d, destacou Campelo. Ele ponderou, entretanto, que a acelera\u00e7\u00e3o da economia naquele momento estava relacionada a fatores como, por exemplo, o fim da Copa do Mundo.<\/p>\n<p>Em janeiro, apenas tr\u00eas dos oito componentes do Iace tiveram resultado positivo. Entre eles, o  \u00cdndice de Produ\u00e7\u00e3o F\u00edsica de Bens de Consumo Dur\u00e1veis. No entanto, o \u00edndice foi justamente um dos fatores que levou \u00e0 revis\u00e3o do Iace de dezembro, uma vez que o resultado divulgado pelo IBGE ficou abaixo da proje\u00e7\u00e3o feita pelos economistas do Ibre e do TCB.<\/p>\n<p>Segundo Campelo, o \u00edndice teve um resultado positivo devido \u00e0 liquida\u00e7\u00e3o do estoque dos autom\u00f3veis com desonera\u00e7\u00e3o do Imposto sobre Produtos Industrializados (IPI). \u201cEvoluiu favoravelmente em janeiro, porque em dezembro e janeiro ainda houve aquele escoamento de autom\u00f3veis com IPI reduzido\u201d, destacou o economista, que acredita que o indicador n\u00e3o sustentar\u00e1 uma evolu\u00e7\u00e3o positiva nos pr\u00f3ximos meses.<\/p>\n<p>Outros fatores que influenciam o \u00edndice, que j\u00e1 est\u00e3o com vi\u00e9s de baixa, devem se manter assim, na opini\u00e3o do economista. Entre eles est\u00e1 a rela\u00e7\u00e3o entre os valores dos produtos exportados e importados pelo Brasil. \u201cComo o Brasil \u00e9 um exportador de commodities, e as commodities est\u00e3o caindo no mercado internacional, tanto as agr\u00edcolas quando as met\u00e1licas, os pre\u00e7os das nossas exporta\u00e7\u00f5es est\u00e3o ficando mais baixos do que os pre\u00e7os das importa\u00e7\u00f5es\u201d.<\/p>\n<p>Daniel Mello &#8211; Rep\u00f3rter da Ag\u00eancia Brasil<br \/>\nEdi\u00e7\u00e3o: Marcos Chagas<\/p>\n","protected":false},"excerpt":{"rendered":"<p>O Indicador Antecedente Composto da Economia (Iace) para o Brasil caiu 1,6% em janeiro, ficando em 93,6 pontos. Foi revisado ainda o \u00edndice de dezembro, avaliado como est\u00e1vel e agora apresenta queda de 0,2%. Como o indicador tamb\u00e9m caiu em novembro (1,4%), acumula agora tr\u00eas retra\u00e7\u00f5es sucessivas. O indicador \u00e9 aferido pelo Instituto Brasileiro de [&hellip;]<\/p>\n","protected":false},"author":2,"featured_media":57583,"comment_status":"open","ping_status":"closed","sticky":false,"template":"","format":"standard","meta":{"_genesis_hide_title":false,"_genesis_hide_breadcrumbs":false,"_genesis_hide_singular_image":false,"_genesis_hide_footer_widgets":false,"_genesis_custom_body_class":"","_genesis_custom_post_class":"","_genesis_layout":"","_jetpack_memberships_contains_paid_content":false,"footnotes":""},"categories":[22,7],"tags":[],"class_list":{"0":"post-66689","1":"post","2":"type-post","3":"status-publish","4":"format-standard","5":"has-post-thumbnail","7":"category-brasil","8":"category-economia","9":"entry","10":"gs-1","11":"gs-odd","12":"gs-even","13":"gs-featured-content-entry"},"jetpack_featured_media_url":"https:\/\/www.redenoticia.com.br\/noticia\/imagens\/economia-grafico.jpg","jetpack_sharing_enabled":true,"jetpack_likes_enabled":true,"_links":{"self":[{"href":"https:\/\/www.redenoticia.com.br\/noticia\/wp-json\/wp\/v2\/posts\/66689","targetHints":{"allow":["GET"]}}],"collection":[{"href":"https:\/\/www.redenoticia.com.br\/noticia\/wp-json\/wp\/v2\/posts"}],"about":[{"href":"https:\/\/www.redenoticia.com.br\/noticia\/wp-json\/wp\/v2\/types\/post"}],"author":[{"embeddable":true,"href":"https:\/\/www.redenoticia.com.br\/noticia\/wp-json\/wp\/v2\/users\/2"}],"replies":[{"embeddable":true,"href":"https:\/\/www.redenoticia.com.br\/noticia\/wp-json\/wp\/v2\/comments?post=66689"}],"version-history":[{"count":0,"href":"https:\/\/www.redenoticia.com.br\/noticia\/wp-json\/wp\/v2\/posts\/66689\/revisions"}],"wp:featuredmedia":[{"embeddable":true,"href":"https:\/\/www.redenoticia.com.br\/noticia\/wp-json\/wp\/v2\/media\/57583"}],"wp:attachment":[{"href":"https:\/\/www.redenoticia.com.br\/noticia\/wp-json\/wp\/v2\/media?parent=66689"}],"wp:term":[{"taxonomy":"category","embeddable":true,"href":"https:\/\/www.redenoticia.com.br\/noticia\/wp-json\/wp\/v2\/categories?post=66689"},{"taxonomy":"post_tag","embeddable":true,"href":"https:\/\/www.redenoticia.com.br\/noticia\/wp-json\/wp\/v2\/tags?post=66689"}],"curies":[{"name":"wp","href":"https:\/\/api.w.org\/{rel}","templated":true}]}}