{"id":66683,"date":"2015-02-20T14:40:28","date_gmt":"2015-02-20T16:40:28","guid":{"rendered":"http:\/\/www.redenoticia.com.br\/noticia\/?p=66683"},"modified":"2015-02-20T14:41:50","modified_gmt":"2015-02-20T16:41:50","slug":"fim-do-horario-de-verao","status":"publish","type":"post","link":"https:\/\/www.redenoticia.com.br\/noticia\/2015\/fim-do-horario-de-verao\/66683","title":{"rendered":"Avalia\u00e7\u00e3o da economia de energia com hor\u00e1rio de ver\u00e3o"},"content":{"rendered":"<p>O hor\u00e1rio de ver\u00e3o come\u00e7ou no dia 19 de outubro de 2014 para os estados das regi\u00f5es Sul, Sudeste e Centro-Oeste e termina \u00e0 0h de domingo (22). Na v\u00e9spera do fim do <strong><em>hor\u00e1rio de ver\u00e3o<\/em><\/strong>, o Minist\u00e9rio de Minas e Energia estima que a redu\u00e7\u00e3o da demanda de energia entre as 18h e as 21h tenha sido de at\u00e9 1.970 megawatts (MW) no Subsistema Sudeste\/Centro-Oeste, equivalente ao dobro do consumo de Bras\u00edlia em todo o per\u00edodo em que esteve em vigor. No Subsistema Sul, segundo o minist\u00e9rio, a redu\u00e7\u00e3o foi 625 MW, correspondendo a um total de 4,5% de economia em ambos os sistemas.<\/p>\n<p>A previs\u00e3o de ganhos com a redu\u00e7\u00e3o do consumo total de energia \u00e9 de cerca de 195 MW m\u00e9dios no subsistema Sudeste\/Centro-Oeste, que equivale ao consumo mensal da cidade de Bras\u00edlia, e 55 MW m\u00e9dios no Subsistema Sul, equivalente ao consumo mensal de Florian\u00f3polis.<\/p>\n<p>A redu\u00e7\u00e3o total de 250 MW corresponde a um percentual estimado de 0,5%, nos dois subsistemas. Al\u00e9m disso, estima-se que ocorreu um ganho de armazenamento de energia nas hidrel\u00e9tricas de 0,4% no Sistema Sudeste\/Centro-Oeste e 1,1% no sistema Sul.<\/p>\n<p>O principal objetivo do hor\u00e1rio de ver\u00e3o \u00e9 aproveitar melhor a luminosidade natural do dia, reduzindo o consumo de eletricidade no fim da tarde, quando \u00e9 registrada maior demanda por energia. Recentemente, o pico de consumo tem ocorrido no in\u00edcio da tarde, principalmente por causa do aumento do uso de aparelhos de ar condicionado.<\/p>\n<p>Este ano, o governo avaliou a prorroga\u00e7\u00e3o da vig\u00eancia do hor\u00e1rio de ver\u00e3o por causa da falta de chuvas, que prejudica os reservat\u00f3rios das hidrel\u00e9tricas, mas concluiu que o custo-benef\u00edcio n\u00e3o valeria a pena.<\/p>\n","protected":false},"excerpt":{"rendered":"<p>O hor\u00e1rio de ver\u00e3o come\u00e7ou no dia 19 de outubro de 2014 para os estados das regi\u00f5es Sul, Sudeste e Centro-Oeste e termina \u00e0 0h de domingo (22). Na v\u00e9spera do fim do hor\u00e1rio de ver\u00e3o, o Minist\u00e9rio de Minas e Energia estima que a redu\u00e7\u00e3o da demanda de energia entre as 18h e as [&hellip;]<\/p>\n","protected":false},"author":2,"featured_media":21786,"comment_status":"open","ping_status":"closed","sticky":false,"template":"","format":"standard","meta":{"_genesis_hide_title":false,"_genesis_hide_breadcrumbs":false,"_genesis_hide_singular_image":false,"_genesis_hide_footer_widgets":false,"_genesis_custom_body_class":"","_genesis_custom_post_class":"","_genesis_layout":"","_jetpack_memberships_contains_paid_content":false,"footnotes":""},"categories":[22,7],"tags":[],"class_list":{"0":"post-66683","1":"post","2":"type-post","3":"status-publish","4":"format-standard","5":"has-post-thumbnail","7":"category-brasil","8":"category-economia","9":"entry","10":"gs-1","11":"gs-odd","12":"gs-even","13":"gs-featured-content-entry"},"jetpack_featured_media_url":"https:\/\/www.redenoticia.com.br\/noticia\/imagens\/retomar-forma-depois-verao.jpg","jetpack_sharing_enabled":true,"jetpack_likes_enabled":true,"_links":{"self":[{"href":"https:\/\/www.redenoticia.com.br\/noticia\/wp-json\/wp\/v2\/posts\/66683","targetHints":{"allow":["GET"]}}],"collection":[{"href":"https:\/\/www.redenoticia.com.br\/noticia\/wp-json\/wp\/v2\/posts"}],"about":[{"href":"https:\/\/www.redenoticia.com.br\/noticia\/wp-json\/wp\/v2\/types\/post"}],"author":[{"embeddable":true,"href":"https:\/\/www.redenoticia.com.br\/noticia\/wp-json\/wp\/v2\/users\/2"}],"replies":[{"embeddable":true,"href":"https:\/\/www.redenoticia.com.br\/noticia\/wp-json\/wp\/v2\/comments?post=66683"}],"version-history":[{"count":0,"href":"https:\/\/www.redenoticia.com.br\/noticia\/wp-json\/wp\/v2\/posts\/66683\/revisions"}],"wp:featuredmedia":[{"embeddable":true,"href":"https:\/\/www.redenoticia.com.br\/noticia\/wp-json\/wp\/v2\/media\/21786"}],"wp:attachment":[{"href":"https:\/\/www.redenoticia.com.br\/noticia\/wp-json\/wp\/v2\/media?parent=66683"}],"wp:term":[{"taxonomy":"category","embeddable":true,"href":"https:\/\/www.redenoticia.com.br\/noticia\/wp-json\/wp\/v2\/categories?post=66683"},{"taxonomy":"post_tag","embeddable":true,"href":"https:\/\/www.redenoticia.com.br\/noticia\/wp-json\/wp\/v2\/tags?post=66683"}],"curies":[{"name":"wp","href":"https:\/\/api.w.org\/{rel}","templated":true}]}}