{"id":66681,"date":"2015-02-20T14:36:29","date_gmt":"2015-02-20T16:36:29","guid":{"rendered":"http:\/\/www.redenoticia.com.br\/noticia\/?p=66681"},"modified":"2015-02-20T14:36:29","modified_gmt":"2015-02-20T16:36:29","slug":"setor-de-servicos-fecha-2014-com-menor-taxa-de-crescimento-da-serie-historica","status":"publish","type":"post","link":"https:\/\/www.redenoticia.com.br\/noticia\/2015\/setor-de-servicos-fecha-2014-com-menor-taxa-de-crescimento-da-serie-historica\/66681","title":{"rendered":"Setor de servi\u00e7os fecha 2014 com menor taxa de crescimento da s\u00e9rie hist\u00f3rica"},"content":{"rendered":"<p> O <strong><em>setor de servi\u00e7os<\/em><\/strong> fechou o ano passado com crescimento nominal acumulado de 6%, a menor taxa para o indicador desde o in\u00edcio da s\u00e9rie hist\u00f3rica, em 2012. Entre os cinco grupos de atividade, apenas os servi\u00e7os de informa\u00e7\u00e3o e comunica\u00e7\u00e3o registraram queda no ano: menos 1,2%. Crescimento nominal \u00e9 a expans\u00e3o que n\u00e3o leva em conta a infla\u00e7\u00e3o ocorrida no per\u00edodo pesquisado. Os dados fazem parte da Pesquisa Mensal de Servi\u00e7os (PMS) divulgada pelo Instituto Brasileiro de Geografia e Estat\u00edstica (IBGE).<\/p>\n<p>Segundo a pesquisa, em dezembro de 2014, o setor de servi\u00e7os do pa\u00eds teve crescimento nominal de 4,2%, em rela\u00e7\u00e3o a igual m\u00eas do ano anterior, superando os 3,7% do crescimento nominal do setor em novembro, mas ficando abaixo do resultado de outubro, quando a expans\u00e3o nominal chegou a 5,2%.<\/p>\n<p>No resultado acumulado do ano, quatro de cinco atividades pesquisados que registraram crescimento nominal foram as seguintes: servi\u00e7os prestados \u00e0s fam\u00edlias, crescimento acumulado de 8,9%; servi\u00e7os profissionais, administrativos e complementares (10,9%); transportes, servi\u00e7os auxiliares dos transportes e correio (4,8%) e outros servi\u00e7os (3,2%).<\/p>\n<p>Segundo o IBGE, em 2014, o setor de servi\u00e7os foi marcado por uma forte desacelera\u00e7\u00e3o: a taxa acumulada de 6% de crescimento nominal em rela\u00e7\u00e3o a 2013 foi menor do que os 8,5% de expans\u00e3o na taxa acumulada de 2013 em rela\u00e7\u00e3o a 2012.<\/p>\n<p>No ano passado, a maior taxa de crescimento acumulado foi observada no segmento de servi\u00e7os prestados \u00e0s fam\u00edlias, 9,2%, em compara\u00e7\u00e3o aos 10,2%, de 2013. No segmento, os servi\u00e7os de alojamento e alimenta\u00e7\u00e3o cresceram 9,5%. Em 2013, a alta foi 10,6%. Outros servi\u00e7os prestados \u00e0s fam\u00edlias aumentaram 7,1% \u2013 abaixo dos 7,2% registrados em 2013.<\/p>\n<p>Os servi\u00e7os profissionais, administrativos e complementares apresentaram uma taxa anual de crescimento de 8,5%, comparada a 8,1% em 2013; os servi\u00e7os t\u00e9cnico-profissionais cresceram 6,5% \u2013 mais dos que os 4,6% de 2013 \u2013 e os servi\u00e7os administrativos e complementares, 9,3%. Em 2013, o percentual teve alta de 9,5%.<\/p>\n<p>J\u00e1 o segmento de outros servi\u00e7os acumulou crescimento de 6,8%, em compara\u00e7\u00e3o a 5,9% em 2013; e os transportes, servi\u00e7os auxiliares dos transportes e Correios, 6,4%. Em 2013, a alta chegou a 10,8%.<\/p>\n<p>Em 2014, os servi\u00e7os de informa\u00e7\u00e3o e comunica\u00e7\u00e3o apresentaram a menor taxa de crescimento acumulado (3,4%), pouco menos da metade da taxa registrada em 2013 (6,9%). O crescimento dos servi\u00e7os de tecnologia da informa\u00e7\u00e3o e comunica\u00e7\u00e3o ficou em 2,9%, em compara\u00e7\u00e3o aos 7%, de 2013.<\/p>\n<p>Nielmar de Oliveira &#8211; Rep\u00f3rter da Ag\u00eancia Brasil<br \/>\nEdi\u00e7\u00e3o: Jos\u00e9 Romildo<\/p>\n","protected":false},"excerpt":{"rendered":"<p>O setor de servi\u00e7os fechou o ano passado com crescimento nominal acumulado de 6%, a menor taxa para o indicador desde o in\u00edcio da s\u00e9rie hist\u00f3rica, em 2012. Entre os cinco grupos de atividade, apenas os servi\u00e7os de informa\u00e7\u00e3o e comunica\u00e7\u00e3o registraram queda no ano: menos 1,2%. Crescimento nominal \u00e9 a expans\u00e3o que n\u00e3o leva [&hellip;]<\/p>\n","protected":false},"author":2,"featured_media":57585,"comment_status":"open","ping_status":"closed","sticky":false,"template":"","format":"standard","meta":{"_genesis_hide_title":false,"_genesis_hide_breadcrumbs":false,"_genesis_hide_singular_image":false,"_genesis_hide_footer_widgets":false,"_genesis_custom_body_class":"","_genesis_custom_post_class":"","_genesis_layout":"","_jetpack_memberships_contains_paid_content":false,"footnotes":""},"categories":[22,7],"tags":[],"class_list":{"0":"post-66681","1":"post","2":"type-post","3":"status-publish","4":"format-standard","5":"has-post-thumbnail","7":"category-brasil","8":"category-economia","9":"entry","10":"gs-1","11":"gs-odd","12":"gs-even","13":"gs-featured-content-entry"},"jetpack_featured_media_url":"https:\/\/www.redenoticia.com.br\/noticia\/imagens\/analise-economia.jpg","jetpack_sharing_enabled":true,"jetpack_likes_enabled":true,"_links":{"self":[{"href":"https:\/\/www.redenoticia.com.br\/noticia\/wp-json\/wp\/v2\/posts\/66681","targetHints":{"allow":["GET"]}}],"collection":[{"href":"https:\/\/www.redenoticia.com.br\/noticia\/wp-json\/wp\/v2\/posts"}],"about":[{"href":"https:\/\/www.redenoticia.com.br\/noticia\/wp-json\/wp\/v2\/types\/post"}],"author":[{"embeddable":true,"href":"https:\/\/www.redenoticia.com.br\/noticia\/wp-json\/wp\/v2\/users\/2"}],"replies":[{"embeddable":true,"href":"https:\/\/www.redenoticia.com.br\/noticia\/wp-json\/wp\/v2\/comments?post=66681"}],"version-history":[{"count":0,"href":"https:\/\/www.redenoticia.com.br\/noticia\/wp-json\/wp\/v2\/posts\/66681\/revisions"}],"wp:featuredmedia":[{"embeddable":true,"href":"https:\/\/www.redenoticia.com.br\/noticia\/wp-json\/wp\/v2\/media\/57585"}],"wp:attachment":[{"href":"https:\/\/www.redenoticia.com.br\/noticia\/wp-json\/wp\/v2\/media?parent=66681"}],"wp:term":[{"taxonomy":"category","embeddable":true,"href":"https:\/\/www.redenoticia.com.br\/noticia\/wp-json\/wp\/v2\/categories?post=66681"},{"taxonomy":"post_tag","embeddable":true,"href":"https:\/\/www.redenoticia.com.br\/noticia\/wp-json\/wp\/v2\/tags?post=66681"}],"curies":[{"name":"wp","href":"https:\/\/api.w.org\/{rel}","templated":true}]}}