{"id":66628,"date":"2015-02-19T17:36:59","date_gmt":"2015-02-19T19:36:59","guid":{"rendered":"http:\/\/www.redenoticia.com.br\/noticia\/?p=66628"},"modified":"2015-02-19T17:36:59","modified_gmt":"2015-02-19T19:36:59","slug":"inflacao-medida-pelo-ipc-s-atinge-127","status":"publish","type":"post","link":"https:\/\/www.redenoticia.com.br\/noticia\/2015\/inflacao-medida-pelo-ipc-s-atinge-127\/66628","title":{"rendered":"Infla\u00e7\u00e3o medida pelo IPC-S atinge 1,27%"},"content":{"rendered":"<p> O \u00cdndice de Pre\u00e7os ao Consumidor Semanal (IPC-S), <strong><em>infla\u00e7\u00e3o<\/em><\/strong> calculada em sete capitais do pa\u00eds, atingiu 1,27% na segunda pr\u00e9via de fevereiro, o que representa queda de 0,36 ponto percentual sobre o resultado de 1,63% apurado no \u00faltimo levantamento. A taxa corresponde \u00e0 m\u00e9dia de pre\u00e7os coletados entre os dias 16 de janeiro e 15 de fevereiro. A compara\u00e7\u00e3o foi feita em rela\u00e7\u00e3o aos pre\u00e7os do per\u00edodo de 16 de dezembro a 15 de janeiro. O IPC-S \u00e9 calculado nas seguintes capitais: Recife, Salvador, Rio de Janeiro, S\u00e3o Paulo, Belo Horizonte, Bras\u00edlia e Porto Alegre.<\/p>\n<p>Seis dos grupos pesquisados apresentam decr\u00e9scimos, com destaque para educa\u00e7\u00e3o, leitura e recrea\u00e7\u00e3o que passou de alta de 3,51% para 1,46%. Os alimentos subiram em m\u00e9dia 1,1% em compara\u00e7\u00e3o a 1,44% e essa redu\u00e7\u00e3o no ritmo de corre\u00e7\u00e3o de pre\u00e7os teve influ\u00eancia, principalmente, das hortali\u00e7as e legumes. Essas tiveram aumento de 6,93%, por\u00e9m, com \u00edndice menor do que na apura\u00e7\u00e3o passada quando a alta havia atingido 10,36%.<\/p>\n<p>Em habita\u00e7\u00e3o, ocorreu eleva\u00e7\u00e3o de 1,38% em compara\u00e7\u00e3o a 1,69% sob o efeito da tarifa de energia el\u00e9trica que alcan\u00e7ou 4,85%, taxa inferior \u00e0 ao registrado na primeira pr\u00e9via (7,12%). No grupo transportes, a taxa ficou em 2,56% comparada a 2,82% da apura\u00e7\u00e3o anterior, com a redu\u00e7\u00e3o do impacto do reajuste da tarifa de \u00f4nibus urbano, de 9,07% para 5,9%.<\/p>\n<p>Outros dois grupos que tamb\u00e9m indicaram altas menores do que na \u00faltima pesquisa foram: despesas diversas (de 1,92% para 1,58%) e comunica\u00e7\u00e3o (de 0,43% para 0,36%). J\u00e1 nos demais grupos foram constatados avan\u00e7os. Em vestu\u00e1rio, o \u00edndice saiu de queda de 0,31% para um patamar de estabilidade e em sa\u00fade e cuidados pessoais, a taxa subiu de 0,3% para 0,33%.<\/p>\n<p>Os cinco itens que mais pressionaram a infla\u00e7\u00e3o foram: tarifa de \u00f4nibus urbano (5,9%); tarifa de eletricidade residencial (4,85%); refei\u00e7\u00f5es em bares e restaurantes (1,32%); gasolina (2,87%) e autom\u00f3vel (1,93%).<\/p>\n<p>J\u00e1 os que mais contribu\u00edram para o decr\u00e9scimo do IPC-S foram: passagem a\u00e9rea (-21,62%); leite longa vida (-3,26%); show musical (-2,44%); perfume (-1,28%) e blusa feminina (-1,36%).<\/p>\n<p>O IPC-S \u00e9 uma das varia\u00e7\u00f5es do IPC. O \u00edndice mede a varia\u00e7\u00e3o de pre\u00e7os de um conjunto fixo de bens e servi\u00e7os componentes de despesas habituais de fam\u00edlias com n\u00edvel de renda situado entre 1 e 33 sal\u00e1rios m\u00ednimos mensais. O IPC-S baseia-se em um sistema de coleta quadrissemanal, com encerramento em quatro datas pr\u00e9-estabelecidas (07, 15, 22 e 31). Apesar de a coleta ser semanal, a apura\u00e7\u00e3o das taxas de varia\u00e7\u00e3o leva em conta a m\u00e9dia dos pre\u00e7os coletados nas quatro \u00faltimas semanas at\u00e9 a data de fechamento.<\/p>\n<p>Marli Moreira &#8211; Rep\u00f3rter da Ag\u00eancia Brasil<br \/>\nEdi\u00e7\u00e3o: Jos\u00e9 Romildo<\/p>\n","protected":false},"excerpt":{"rendered":"<p>O \u00cdndice de Pre\u00e7os ao Consumidor Semanal (IPC-S), infla\u00e7\u00e3o calculada em sete capitais do pa\u00eds, atingiu 1,27% na segunda pr\u00e9via de fevereiro, o que representa queda de 0,36 ponto percentual sobre o resultado de 1,63% apurado no \u00faltimo levantamento. A taxa corresponde \u00e0 m\u00e9dia de pre\u00e7os coletados entre os dias 16 de janeiro e 15 [&hellip;]<\/p>\n","protected":false},"author":2,"featured_media":34916,"comment_status":"open","ping_status":"closed","sticky":false,"template":"","format":"standard","meta":{"_genesis_hide_title":false,"_genesis_hide_breadcrumbs":false,"_genesis_hide_singular_image":false,"_genesis_hide_footer_widgets":false,"_genesis_custom_body_class":"","_genesis_custom_post_class":"","_genesis_layout":"","_jetpack_memberships_contains_paid_content":false,"footnotes":""},"categories":[22,7],"tags":[],"class_list":{"0":"post-66628","1":"post","2":"type-post","3":"status-publish","4":"format-standard","5":"has-post-thumbnail","7":"category-brasil","8":"category-economia","9":"entry","10":"gs-1","11":"gs-odd","12":"gs-even","13":"gs-featured-content-entry"},"jetpack_featured_media_url":"https:\/\/www.redenoticia.com.br\/noticia\/imagens\/inflacao.jpg","jetpack_sharing_enabled":true,"jetpack_likes_enabled":true,"_links":{"self":[{"href":"https:\/\/www.redenoticia.com.br\/noticia\/wp-json\/wp\/v2\/posts\/66628","targetHints":{"allow":["GET"]}}],"collection":[{"href":"https:\/\/www.redenoticia.com.br\/noticia\/wp-json\/wp\/v2\/posts"}],"about":[{"href":"https:\/\/www.redenoticia.com.br\/noticia\/wp-json\/wp\/v2\/types\/post"}],"author":[{"embeddable":true,"href":"https:\/\/www.redenoticia.com.br\/noticia\/wp-json\/wp\/v2\/users\/2"}],"replies":[{"embeddable":true,"href":"https:\/\/www.redenoticia.com.br\/noticia\/wp-json\/wp\/v2\/comments?post=66628"}],"version-history":[{"count":0,"href":"https:\/\/www.redenoticia.com.br\/noticia\/wp-json\/wp\/v2\/posts\/66628\/revisions"}],"wp:featuredmedia":[{"embeddable":true,"href":"https:\/\/www.redenoticia.com.br\/noticia\/wp-json\/wp\/v2\/media\/34916"}],"wp:attachment":[{"href":"https:\/\/www.redenoticia.com.br\/noticia\/wp-json\/wp\/v2\/media?parent=66628"}],"wp:term":[{"taxonomy":"category","embeddable":true,"href":"https:\/\/www.redenoticia.com.br\/noticia\/wp-json\/wp\/v2\/categories?post=66628"},{"taxonomy":"post_tag","embeddable":true,"href":"https:\/\/www.redenoticia.com.br\/noticia\/wp-json\/wp\/v2\/tags?post=66628"}],"curies":[{"name":"wp","href":"https:\/\/api.w.org\/{rel}","templated":true}]}}