{"id":66626,"date":"2015-02-19T17:34:04","date_gmt":"2015-02-19T19:34:04","guid":{"rendered":"http:\/\/www.redenoticia.com.br\/noticia\/?p=66626"},"modified":"2015-02-19T17:34:04","modified_gmt":"2015-02-19T19:34:04","slug":"igp-m-do-segundo-decendio-de-fevereiro","status":"publish","type":"post","link":"https:\/\/www.redenoticia.com.br\/noticia\/2015\/igp-m-do-segundo-decendio-de-fevereiro\/66626","title":{"rendered":"IGP-M do segundo dec\u00eandio de fevereiro"},"content":{"rendered":"<p> A <strong><em>infla\u00e7\u00e3o<\/em><\/strong> medida pelo \u00cdndice Geral de Pre\u00e7os do Mercado (IGP-M) fechou o segundo dec\u00eandio de fevereiro em 0,16%, registrando desacelera\u00e7\u00e3o de pre\u00e7os de 0,39% em rela\u00e7\u00e3o \u00e0 taxa do segundo dec\u00eandio do m\u00eas anterior, cuja alta foi 0,55%. O segundo dec\u00eandio do m\u00eas compreende os pre\u00e7os coletados entre os dias 21 do m\u00eas anterior e 10 do m\u00eas de refer\u00eancia. O indicador foi divulgado pelo Instituto Brasileiro de Economia da Funda\u00e7\u00e3o Getulio Vargas (Ibre\/FGV). <\/p>\n<p> O \u00cdndice Geral de Pre\u00e7os do Mercado (IGP-M) \u00e9 divulgado no final de cada m\u00eas de refer\u00eancia. Atualmente, ele \u00e9 o \u00edndice de refer\u00eancia para o reajuste dos aumentos da energia el\u00e9trica e dos contratos de alugu\u00e9is.<\/p>\n<p> No segundo dec\u00eandio de fevereiro, a retra\u00e7\u00e3o do IGP-M foi fortemente influenciada pela varia\u00e7\u00e3o dos pre\u00e7os ao produtor, que tem peso de 60% na composi\u00e7\u00e3o no indicador. Segundo o Ibre, o \u00cdndice de Pre\u00e7os ao Produtor Amplo (IPA) apresentou defla\u00e7\u00e3o (infla\u00e7\u00e3o negativa) de 0,22%, no segundo dec\u00eandio de fevereiro, queda de 0,59 ponto percentual em rela\u00e7\u00e3o aos 0,37% do per\u00edodo anterior.<\/p>\n<p>A taxa de varia\u00e7\u00e3o dos bens finais passou de 1,26% para 1,03%. A maior contribui\u00e7\u00e3o para esse movimento teve origem no subgrupo alimentos in natura, cuja taxa caiu de 10,47% para 4,92%. A taxa de varia\u00e7\u00e3o do grupo Bens Intermedi\u00e1rios passou de 0,36%, em janeiro, para -0,33%, em fevereiro, puxado pelo subgrupo materiais e componentes para a manufatura, cuja taxa passou de 0,23% para -0,84%.<\/p>\n<p>O \u00edndice referente a mat\u00e9rias-primas brutas registrou varia\u00e7\u00e3o de -1,64%. No m\u00eas anterior, a taxa foi -0,69%. Os itens que mais contribu\u00edram para esse movimento foram soja em gr\u00e3o (de 0,72% para -7,71%), su\u00ednos (de 0,82% para -10,91%) e milho em gr\u00e3o (de -0,25% para -2%).<\/p>\n<p>Tamb\u00e9m o \u00cdndice de Pre\u00e7os ao Consumidor (IPC), que tem peso de 30% na forma\u00e7\u00e3o do IGP-M, registrou varia\u00e7\u00e3o menor no segundo dec\u00eandio de fevereiro: alta de 1,02%, contra os 1,06%, do mesmo per\u00edodo do m\u00eas anterior. Segundo o Ibre, quatro das oito classes de despesa componentes do \u00edndice registraram decr\u00e9scimo em suas taxas de varia\u00e7\u00e3o. A principal contribui\u00e7\u00e3o partiu do grupo alimenta\u00e7\u00e3o (de 1,49% para 0,72%). Nessa classe de despesa, cabe mencionar o item hortali\u00e7as e legumes, cuja taxa caiu de 11,74% para 2,93%. Tamb\u00e9m foram computados decr\u00e9scimos nas taxas de varia\u00e7\u00e3o dos grupos habita\u00e7\u00e3o (de 1,37% para 1,13%), vestu\u00e1rio (0,05% para -0,12%) e comunica\u00e7\u00e3o (0,50% para 0,33%).<\/p>\n<p>Nielmar de Oliveira &#8211; Rep\u00f3rter da Ag\u00eancia Brasil<br \/>\nEdi\u00e7\u00e3o: Jos\u00e9 Romildo<\/p>\n","protected":false},"excerpt":{"rendered":"<p>A infla\u00e7\u00e3o medida pelo \u00cdndice Geral de Pre\u00e7os do Mercado (IGP-M) fechou o segundo dec\u00eandio de fevereiro em 0,16%, registrando desacelera\u00e7\u00e3o de pre\u00e7os de 0,39% em rela\u00e7\u00e3o \u00e0 taxa do segundo dec\u00eandio do m\u00eas anterior, cuja alta foi 0,55%. O segundo dec\u00eandio do m\u00eas compreende os pre\u00e7os coletados entre os dias 21 do m\u00eas anterior [&hellip;]<\/p>\n","protected":false},"author":2,"featured_media":57584,"comment_status":"open","ping_status":"closed","sticky":false,"template":"","format":"standard","meta":{"_genesis_hide_title":false,"_genesis_hide_breadcrumbs":false,"_genesis_hide_singular_image":false,"_genesis_hide_footer_widgets":false,"_genesis_custom_body_class":"","_genesis_custom_post_class":"","_genesis_layout":"","_jetpack_memberships_contains_paid_content":false,"footnotes":""},"categories":[22,7],"tags":[],"class_list":{"0":"post-66626","1":"post","2":"type-post","3":"status-publish","4":"format-standard","5":"has-post-thumbnail","7":"category-brasil","8":"category-economia","9":"entry","10":"gs-1","11":"gs-odd","12":"gs-even","13":"gs-featured-content-entry"},"jetpack_featured_media_url":"https:\/\/www.redenoticia.com.br\/noticia\/imagens\/economia-grafica-analise-inflacao.jpg","jetpack_sharing_enabled":true,"jetpack_likes_enabled":true,"_links":{"self":[{"href":"https:\/\/www.redenoticia.com.br\/noticia\/wp-json\/wp\/v2\/posts\/66626","targetHints":{"allow":["GET"]}}],"collection":[{"href":"https:\/\/www.redenoticia.com.br\/noticia\/wp-json\/wp\/v2\/posts"}],"about":[{"href":"https:\/\/www.redenoticia.com.br\/noticia\/wp-json\/wp\/v2\/types\/post"}],"author":[{"embeddable":true,"href":"https:\/\/www.redenoticia.com.br\/noticia\/wp-json\/wp\/v2\/users\/2"}],"replies":[{"embeddable":true,"href":"https:\/\/www.redenoticia.com.br\/noticia\/wp-json\/wp\/v2\/comments?post=66626"}],"version-history":[{"count":0,"href":"https:\/\/www.redenoticia.com.br\/noticia\/wp-json\/wp\/v2\/posts\/66626\/revisions"}],"wp:featuredmedia":[{"embeddable":true,"href":"https:\/\/www.redenoticia.com.br\/noticia\/wp-json\/wp\/v2\/media\/57584"}],"wp:attachment":[{"href":"https:\/\/www.redenoticia.com.br\/noticia\/wp-json\/wp\/v2\/media?parent=66626"}],"wp:term":[{"taxonomy":"category","embeddable":true,"href":"https:\/\/www.redenoticia.com.br\/noticia\/wp-json\/wp\/v2\/categories?post=66626"},{"taxonomy":"post_tag","embeddable":true,"href":"https:\/\/www.redenoticia.com.br\/noticia\/wp-json\/wp\/v2\/tags?post=66626"}],"curies":[{"name":"wp","href":"https:\/\/api.w.org\/{rel}","templated":true}]}}