{"id":66624,"date":"2015-02-19T17:30:24","date_gmt":"2015-02-19T19:30:24","guid":{"rendered":"http:\/\/www.redenoticia.com.br\/noticia\/?p=66624"},"modified":"2015-02-19T17:30:24","modified_gmt":"2015-02-19T19:30:24","slug":"mec-divulga-resultado-da-segunda-chamada-do-prouni","status":"publish","type":"post","link":"https:\/\/www.redenoticia.com.br\/noticia\/2015\/mec-divulga-resultado-da-segunda-chamada-do-prouni\/66624","title":{"rendered":"MEC divulga resultado da segunda chamada do ProUni"},"content":{"rendered":"<p> O Minist\u00e9rio da Educa\u00e7\u00e3o divulgou a lista dos estudantes pr\u00e9-selecionados na segunda chamada do Programa Universidade para Todos (<strong><em>ProUni<\/em><\/strong>). A lista est\u00e1 na p\u00e1gina do ProUni  e nas institui\u00e7\u00f5es de ensino participantes do programa. Os candidatos t\u00eam at\u00e9 a pr\u00f3xima ter\u00e7a-feira (24) para comprovar junto \u00e0s institui\u00e7\u00f5es as informa\u00e7\u00f5es prestadas no momento da inscri\u00e7\u00e3o.<\/p>\n<p> \u00c9 de responsabilidade do estudante verificar nas unidades de educa\u00e7\u00e3o superior os hor\u00e1rios e o local onde deve comparecer. A perda do prazo ou a n\u00e3o comprova\u00e7\u00e3o das informa\u00e7\u00f5es resultar\u00e3o na reprova\u00e7\u00e3o do candidato. Entre a documenta\u00e7\u00e3o que deve ser apresentada est\u00e3o um documento de identifica\u00e7\u00e3o, comprovantes de resid\u00eancia, de rendimento dos estudantes e de integrantes do grupo familiar e comprovantes de ensino m\u00e9dio.<\/p>\n<p>Quem n\u00e3o foi pr\u00e9-selecionado na segunda chamada ainda poder\u00e1 manifestar interesse em participar da lista de espera nos dias 2 e 3 de mar\u00e7o, na p\u00e1gina do ProUni.<\/p>\n<p>Nesta primeira edi\u00e7\u00e3o de 2015, o ProUni registrou 1.523.878 inscritos. S\u00e3o oferecidas 213.113 bolsas, para 30.549 cursos em 1.117 institui\u00e7\u00f5es de ensino superior privadas.<\/p>\n<p>O programa \u00e9 destinado aos estudantes que querem concorrer a bolsa de estudos parciais e integrais em institui\u00e7\u00f5es particulares de educa\u00e7\u00e3o superior, com base na nota do Exame Nacional do Ensino M\u00e9dio.<\/p>\n<p>Yara Aquino &#8211; Rep\u00f3rter da Ag\u00eancia Brasil<br \/>\nEdi\u00e7\u00e3o: Val\u00e9ria Aguiar<\/p>\n","protected":false},"excerpt":{"rendered":"<p>O Minist\u00e9rio da Educa\u00e7\u00e3o divulgou a lista dos estudantes pr\u00e9-selecionados na segunda chamada do Programa Universidade para Todos (ProUni). A lista est\u00e1 na p\u00e1gina do ProUni e nas institui\u00e7\u00f5es de ensino participantes do programa. Os candidatos t\u00eam at\u00e9 a pr\u00f3xima ter\u00e7a-feira (24) para comprovar junto \u00e0s institui\u00e7\u00f5es as informa\u00e7\u00f5es prestadas no momento da inscri\u00e7\u00e3o. \u00c9 [&hellip;]<\/p>\n","protected":false},"author":2,"featured_media":23011,"comment_status":"open","ping_status":"closed","sticky":false,"template":"","format":"standard","meta":{"_genesis_hide_title":false,"_genesis_hide_breadcrumbs":false,"_genesis_hide_singular_image":false,"_genesis_hide_footer_widgets":false,"_genesis_custom_body_class":"","_genesis_custom_post_class":"","_genesis_layout":"","_jetpack_memberships_contains_paid_content":false,"footnotes":""},"categories":[22],"tags":[],"class_list":{"0":"post-66624","1":"post","2":"type-post","3":"status-publish","4":"format-standard","5":"has-post-thumbnail","7":"category-brasil","8":"entry","9":"gs-1","10":"gs-odd","11":"gs-even","12":"gs-featured-content-entry"},"jetpack_featured_media_url":"https:\/\/www.redenoticia.com.br\/noticia\/imagens\/prouni-inscricao.jpg","jetpack_sharing_enabled":true,"jetpack_likes_enabled":true,"_links":{"self":[{"href":"https:\/\/www.redenoticia.com.br\/noticia\/wp-json\/wp\/v2\/posts\/66624","targetHints":{"allow":["GET"]}}],"collection":[{"href":"https:\/\/www.redenoticia.com.br\/noticia\/wp-json\/wp\/v2\/posts"}],"about":[{"href":"https:\/\/www.redenoticia.com.br\/noticia\/wp-json\/wp\/v2\/types\/post"}],"author":[{"embeddable":true,"href":"https:\/\/www.redenoticia.com.br\/noticia\/wp-json\/wp\/v2\/users\/2"}],"replies":[{"embeddable":true,"href":"https:\/\/www.redenoticia.com.br\/noticia\/wp-json\/wp\/v2\/comments?post=66624"}],"version-history":[{"count":0,"href":"https:\/\/www.redenoticia.com.br\/noticia\/wp-json\/wp\/v2\/posts\/66624\/revisions"}],"wp:featuredmedia":[{"embeddable":true,"href":"https:\/\/www.redenoticia.com.br\/noticia\/wp-json\/wp\/v2\/media\/23011"}],"wp:attachment":[{"href":"https:\/\/www.redenoticia.com.br\/noticia\/wp-json\/wp\/v2\/media?parent=66624"}],"wp:term":[{"taxonomy":"category","embeddable":true,"href":"https:\/\/www.redenoticia.com.br\/noticia\/wp-json\/wp\/v2\/categories?post=66624"},{"taxonomy":"post_tag","embeddable":true,"href":"https:\/\/www.redenoticia.com.br\/noticia\/wp-json\/wp\/v2\/tags?post=66624"}],"curies":[{"name":"wp","href":"https:\/\/api.w.org\/{rel}","templated":true}]}}