{"id":66548,"date":"2015-02-18T13:06:39","date_gmt":"2015-02-18T15:06:39","guid":{"rendered":"http:\/\/www.redenoticia.com.br\/noticia\/?p=66548"},"modified":"2015-02-18T13:06:39","modified_gmt":"2015-02-18T15:06:39","slug":"acordos-de-investigacoes-de-carteis-rendem-r-53-milhoes-a-fundo-publico","status":"publish","type":"post","link":"https:\/\/www.redenoticia.com.br\/noticia\/2015\/acordos-de-investigacoes-de-carteis-rendem-r-53-milhoes-a-fundo-publico\/66548","title":{"rendered":"Acordos de investiga\u00e7\u00f5es de cart\u00e9is rendem R$ 53 milh\u00f5es a fundo p\u00fablico"},"content":{"rendered":"<p> Projetos de recupera\u00e7\u00e3o de danos ao meio ambiente, aos consumidores e a bens de uso hist\u00f3rico, tur\u00edstico e art\u00edstico ter\u00e3o direito a mais recursos em breve. O Conselho Administrativo de Defesa Econ\u00f4mica (Cade) homologou na semana passada seis acordos em investiga\u00e7\u00f5es de <strong><em>cart\u00e9is<\/em><\/strong> que render\u00e3o R$ 53 milh\u00f5es ao Fundo de Direitos Difusos (FDD).<\/p>\n<p>Pelos termos firmados, as empresas acusadas admitiram a participa\u00e7\u00e3o de condutas suspeitas e comprometeram-se a cessar a pr\u00e1tica e a colaborar com o Cade nas investiga\u00e7\u00f5es, num sistema semelhante \u00e0 dela\u00e7\u00e3o premiada. Os termos foram negociados na Superintend\u00eancia-Geral do Cade, respons\u00e1vel pelos processos administrativos. Sem os acordos, os casos iriam a julgamento no tribunal do \u00f3rg\u00e3o.<\/p>\n<p>Os maiores acordos foram firmados com empresas acusadas de cartel nos mercados de tubos de imagens para televis\u00e3o e monitores de computador. Dois termos assinados com a Philips, a LP Displays International e mais duas empresas coligadas e cinco pessoas f\u00edsicas render\u00e3o R$ 24,3 milh\u00f5es ao FDD. Em outros dois acordos, a LG Eletronics comprometeu-se a pagar R$ 17 milh\u00f5es.<\/p>\n<p>Em outro acordo, a Ceva Logistics, uma empresa coligada e uma pessoa f\u00edsica desembolsar\u00e3o R$ 9,7 milh\u00f5es. As partes s\u00e3o investigadas por cartel na presta\u00e7\u00e3o de servi\u00e7os de agenciamento de frete internacional a\u00e9reo e mar\u00edtimo de cargas. Os carregamentos teriam o Brasil como origem e destino.<\/p>\n<p>O \u00faltimo acordo firmado foi com a Samsung e seis pessoas f\u00edsicas suspeitas de cartel internacional de mem\u00f3ria din\u00e2mica de acesso aleat\u00f3rio (mem\u00f3ria RAM), equipamento usado em computadores. As partes acusadas comprometeram-se a pagar R$ 2 milh\u00f5es para ficarem livres do processo.<\/p>\n<p>Constitu\u00eddo de recursos de decis\u00f5es judiciais, multas e indeniza\u00e7\u00f5es, o FDD \u00e9 vinculado ao Minist\u00e9rio da Justi\u00e7a e administrado por um Conselho Federal Gestor com sete representantes do governo e tr\u00eas da sociedade. O Conselho define que a\u00e7\u00f5es recebem dinheiro do fundo. Tanto \u00f3rg\u00e3os p\u00fablicos como entidades civis podem inscrever projetos.<\/p>\n<p>Wellton M\u00e1ximo \u2013 Rep\u00f3rter da Ag\u00eancia Brasil<br \/>\nEdi\u00e7\u00e3o: St\u00eanio Ribeiro<\/p>\n","protected":false},"excerpt":{"rendered":"<p>Projetos de recupera\u00e7\u00e3o de danos ao meio ambiente, aos consumidores e a bens de uso hist\u00f3rico, tur\u00edstico e art\u00edstico ter\u00e3o direito a mais recursos em breve. O Conselho Administrativo de Defesa Econ\u00f4mica (Cade) homologou na semana passada seis acordos em investiga\u00e7\u00f5es de cart\u00e9is que render\u00e3o R$ 53 milh\u00f5es ao Fundo de Direitos Difusos (FDD). Pelos [&hellip;]<\/p>\n","protected":false},"author":2,"featured_media":57585,"comment_status":"open","ping_status":"closed","sticky":false,"template":"","format":"standard","meta":{"_genesis_hide_title":false,"_genesis_hide_breadcrumbs":false,"_genesis_hide_singular_image":false,"_genesis_hide_footer_widgets":false,"_genesis_custom_body_class":"","_genesis_custom_post_class":"","_genesis_layout":"","_jetpack_memberships_contains_paid_content":false,"footnotes":""},"categories":[22,7],"tags":[],"class_list":{"0":"post-66548","1":"post","2":"type-post","3":"status-publish","4":"format-standard","5":"has-post-thumbnail","7":"category-brasil","8":"category-economia","9":"entry","10":"gs-1","11":"gs-odd","12":"gs-even","13":"gs-featured-content-entry"},"jetpack_featured_media_url":"https:\/\/www.redenoticia.com.br\/noticia\/imagens\/analise-economia.jpg","jetpack_sharing_enabled":true,"jetpack_likes_enabled":true,"_links":{"self":[{"href":"https:\/\/www.redenoticia.com.br\/noticia\/wp-json\/wp\/v2\/posts\/66548","targetHints":{"allow":["GET"]}}],"collection":[{"href":"https:\/\/www.redenoticia.com.br\/noticia\/wp-json\/wp\/v2\/posts"}],"about":[{"href":"https:\/\/www.redenoticia.com.br\/noticia\/wp-json\/wp\/v2\/types\/post"}],"author":[{"embeddable":true,"href":"https:\/\/www.redenoticia.com.br\/noticia\/wp-json\/wp\/v2\/users\/2"}],"replies":[{"embeddable":true,"href":"https:\/\/www.redenoticia.com.br\/noticia\/wp-json\/wp\/v2\/comments?post=66548"}],"version-history":[{"count":0,"href":"https:\/\/www.redenoticia.com.br\/noticia\/wp-json\/wp\/v2\/posts\/66548\/revisions"}],"wp:featuredmedia":[{"embeddable":true,"href":"https:\/\/www.redenoticia.com.br\/noticia\/wp-json\/wp\/v2\/media\/57585"}],"wp:attachment":[{"href":"https:\/\/www.redenoticia.com.br\/noticia\/wp-json\/wp\/v2\/media?parent=66548"}],"wp:term":[{"taxonomy":"category","embeddable":true,"href":"https:\/\/www.redenoticia.com.br\/noticia\/wp-json\/wp\/v2\/categories?post=66548"},{"taxonomy":"post_tag","embeddable":true,"href":"https:\/\/www.redenoticia.com.br\/noticia\/wp-json\/wp\/v2\/tags?post=66548"}],"curies":[{"name":"wp","href":"https:\/\/api.w.org\/{rel}","templated":true}]}}