{"id":66545,"date":"2015-02-18T13:01:27","date_gmt":"2015-02-18T15:01:27","guid":{"rendered":"http:\/\/www.redenoticia.com.br\/noticia\/?p=66545"},"modified":"2015-02-18T13:01:58","modified_gmt":"2015-02-18T15:01:58","slug":"nivel-do-volume-morto-do-cantareira-sobe-mas-ainda-e-considerado-critico","status":"publish","type":"post","link":"https:\/\/www.redenoticia.com.br\/noticia\/2015\/nivel-do-volume-morto-do-cantareira-sobe-mas-ainda-e-considerado-critico\/66545","title":{"rendered":"N\u00edvel do volume morto do Cantareira sobe, mas ainda \u00e9 considerado cr\u00edtico"},"content":{"rendered":"<p> A quantidade de \u00e1gua armazenada na segunda cota do volume morto do <strong><em>Sistema Cantareira<\/em><\/strong>, principal manancial de abastecimento de \u00e1gua da regi\u00e3o metropolitana de S\u00e3o Paulo, alcan\u00e7ou 8,9% na quarta-feira (18). O n\u00edvel do sistema vem subindo diariamente desde o dia 5 deste m\u00eas, mas ainda \u00e9 considerado cr\u00edtico.<\/p>\n<p>A primeira cota do volume morto \u2013 reserva que fica abaixo das comportas e precisa ser bombeada, e que injetou 182,5 bilh\u00f5es de litros de \u00e1gua no sistema &#8211; come\u00e7ou a ser disponibilizada em maio do ano passado e a segunda cota (com 105 bilh\u00f5es de litros de \u00e1gua) teve in\u00edcio em novembro, quando o volume do sistema tinha atingido 10,6%.  <\/p>\n<p>Fevereiro \u00e9 considerado o m\u00eas que mais choveu no sistema desde janeiro de 2012, segundo informa\u00e7\u00f5es da Companhia de Saneamento B\u00e1sico do Estado de S\u00e3o Paulo. At\u00e9 hoje, a pluviometria acumulada no m\u00eas j\u00e1 alcan\u00e7ou o volume de 257,0 mil\u00edmetros (mm), superando a m\u00e9dia hist\u00f3rica esperada para o m\u00eas, estimada em 199,1 mm. O \u00faltimo  per\u00edodo que registrou o maior \u00edndice de chuvas no sistema foi em janeiro de 2012, quando a pluviometria acumulada alcan\u00e7ou o volume de 336,5 mm. O per\u00edodo mais seco foi registrado em agosto de 2012, com apenas 0,7 mm, quando o esperado para o m\u00eas era 36,9 mm.<\/p>\n<p>No ano passado, o m\u00eas que registrou mais chuva foi em mar\u00e7o, com pluviometria acumulada de 193,3 mm, acima da m\u00e9dia hist\u00f3rica para o m\u00eas (184,1 mm). O periodo mais seco em 2014 foi registrado em junho, com 15,8 mm de chuva acumulada, abaixo do volume esperado para o m\u00eas (56 mm).<\/p>\n<p>Os n\u00edveis dos demais sistemas que abastecem a Grande S\u00e3o Paulo tamb\u00e9m subiram. O Alto Tiet\u00ea passou de 15,2% para 16,3%. O Guarapiranga subiu de 55,6% para 56,3%. O Alto Cotia passou de 34,7% para 35,3%, o Rio Grande de 82% para 82,9% e o Rio Claro de 33,2% para 34,6%.<\/p>\n<p>Elaine Patricia Cruz &#8211; Rep\u00f3rter da Ag\u00eancia Brasil<br \/>\nEdi\u00e7\u00e3o: Val\u00e9ria Aguiar<\/p>\n","protected":false},"excerpt":{"rendered":"<p>A quantidade de \u00e1gua armazenada na segunda cota do volume morto do Sistema Cantareira, principal manancial de abastecimento de \u00e1gua da regi\u00e3o metropolitana de S\u00e3o Paulo, alcan\u00e7ou 8,9% na quarta-feira (18). O n\u00edvel do sistema vem subindo diariamente desde o dia 5 deste m\u00eas, mas ainda \u00e9 considerado cr\u00edtico. A primeira cota do volume morto [&hellip;]<\/p>\n","protected":false},"author":2,"featured_media":34905,"comment_status":"open","ping_status":"closed","sticky":false,"template":"","format":"standard","meta":{"_genesis_hide_title":false,"_genesis_hide_breadcrumbs":false,"_genesis_hide_singular_image":false,"_genesis_hide_footer_widgets":false,"_genesis_custom_body_class":"","_genesis_custom_post_class":"","_genesis_layout":"","_jetpack_memberships_contains_paid_content":false,"footnotes":""},"categories":[22],"tags":[],"class_list":{"0":"post-66545","1":"post","2":"type-post","3":"status-publish","4":"format-standard","5":"has-post-thumbnail","7":"category-brasil","8":"entry","9":"gs-1","10":"gs-odd","11":"gs-even","12":"gs-featured-content-entry"},"jetpack_featured_media_url":"https:\/\/www.redenoticia.com.br\/noticia\/imagens\/codigo-florestal.jpg","jetpack_sharing_enabled":true,"jetpack_likes_enabled":true,"_links":{"self":[{"href":"https:\/\/www.redenoticia.com.br\/noticia\/wp-json\/wp\/v2\/posts\/66545","targetHints":{"allow":["GET"]}}],"collection":[{"href":"https:\/\/www.redenoticia.com.br\/noticia\/wp-json\/wp\/v2\/posts"}],"about":[{"href":"https:\/\/www.redenoticia.com.br\/noticia\/wp-json\/wp\/v2\/types\/post"}],"author":[{"embeddable":true,"href":"https:\/\/www.redenoticia.com.br\/noticia\/wp-json\/wp\/v2\/users\/2"}],"replies":[{"embeddable":true,"href":"https:\/\/www.redenoticia.com.br\/noticia\/wp-json\/wp\/v2\/comments?post=66545"}],"version-history":[{"count":0,"href":"https:\/\/www.redenoticia.com.br\/noticia\/wp-json\/wp\/v2\/posts\/66545\/revisions"}],"wp:featuredmedia":[{"embeddable":true,"href":"https:\/\/www.redenoticia.com.br\/noticia\/wp-json\/wp\/v2\/media\/34905"}],"wp:attachment":[{"href":"https:\/\/www.redenoticia.com.br\/noticia\/wp-json\/wp\/v2\/media?parent=66545"}],"wp:term":[{"taxonomy":"category","embeddable":true,"href":"https:\/\/www.redenoticia.com.br\/noticia\/wp-json\/wp\/v2\/categories?post=66545"},{"taxonomy":"post_tag","embeddable":true,"href":"https:\/\/www.redenoticia.com.br\/noticia\/wp-json\/wp\/v2\/tags?post=66545"}],"curies":[{"name":"wp","href":"https:\/\/api.w.org\/{rel}","templated":true}]}}