{"id":66543,"date":"2015-02-18T12:57:53","date_gmt":"2015-02-18T14:57:53","guid":{"rendered":"http:\/\/www.redenoticia.com.br\/noticia\/?p=66543"},"modified":"2015-02-18T12:57:53","modified_gmt":"2015-02-18T14:57:53","slug":"japao-duplica-orcamento-para-luta-antiterrorismo-no-oriente-medio","status":"publish","type":"post","link":"https:\/\/www.redenoticia.com.br\/noticia\/2015\/japao-duplica-orcamento-para-luta-antiterrorismo-no-oriente-medio\/66543","title":{"rendered":"Jap\u00e3o duplica or\u00e7amento para luta antiterrorismo no Oriente M\u00e9dio"},"content":{"rendered":"<p>O Jap\u00e3o vai destinar mais de R$ 44 milh\u00f5es para refor\u00e7o da <strong><em>luta antiterrorismo no Oriente M\u00e9dio<\/em><\/strong> e na \u00c1frica \u2013 o dobro do que foi inicialmente previsto, anunciou o Minist\u00e9rio de Neg\u00f3cios Estrangeiros.<\/p>\n<p> O an\u00fancio ocorre depois de o grupo extremista Estado Isl\u00e2mico ter executado recentemente dois japoneses. Como repres\u00e1lia, o Jap\u00e3o se comprometeu a ampliar a coopera\u00e7\u00e3o com outros pa\u00edses para conter os avan\u00e7os do grupo extremista no Iraque e na S\u00edria.<\/p>\n<p>O valor divulgado hoje representa o dobro do que foi anunciado pelo ministro de Neg\u00f3cios Estrangeiros, Fumio Kishida, durante visita a Bruxelas no dia 20 de janeiro, quando os terroristas amea\u00e7aram, pela primeira vez, matar os dois ref\u00e9ns japoneses.<\/p>\n<p>O ministro explicou que T\u00f3quio vai detalhar o uso do dinheiro em um f\u00f3rum internacional sobre a luta contra o terrorismo, que vai ocorrer em Washington, nos Estados Unidos, na quinta-feira (19).<\/p>\n<p>Da Ag\u00eancia Lusa<br \/>\nJap\u00e3o duplica or\u00e7amento para luta antiterrorismo no Oriente M\u00e9dio<br \/>\nAg\u00eancia Brasil<\/p>\n","protected":false},"excerpt":{"rendered":"<p>O Jap\u00e3o vai destinar mais de R$ 44 milh\u00f5es para refor\u00e7o da luta antiterrorismo no Oriente M\u00e9dio e na \u00c1frica \u2013 o dobro do que foi inicialmente previsto, anunciou o Minist\u00e9rio de Neg\u00f3cios Estrangeiros. O an\u00fancio ocorre depois de o grupo extremista Estado Isl\u00e2mico ter executado recentemente dois japoneses. Como repres\u00e1lia, o Jap\u00e3o se comprometeu [&hellip;]<\/p>\n","protected":false},"author":2,"featured_media":40734,"comment_status":"open","ping_status":"closed","sticky":false,"template":"","format":"standard","meta":{"_genesis_hide_title":false,"_genesis_hide_breadcrumbs":false,"_genesis_hide_singular_image":false,"_genesis_hide_footer_widgets":false,"_genesis_custom_body_class":"","_genesis_custom_post_class":"","_genesis_layout":"","_jetpack_memberships_contains_paid_content":false,"footnotes":""},"categories":[22],"tags":[],"class_list":{"0":"post-66543","1":"post","2":"type-post","3":"status-publish","4":"format-standard","5":"has-post-thumbnail","7":"category-brasil","8":"entry","9":"gs-1","10":"gs-odd","11":"gs-even","12":"gs-featured-content-entry"},"jetpack_featured_media_url":"https:\/\/www.redenoticia.com.br\/noticia\/imagens\/economia-resultados.jpg","jetpack_sharing_enabled":true,"jetpack_likes_enabled":true,"_links":{"self":[{"href":"https:\/\/www.redenoticia.com.br\/noticia\/wp-json\/wp\/v2\/posts\/66543","targetHints":{"allow":["GET"]}}],"collection":[{"href":"https:\/\/www.redenoticia.com.br\/noticia\/wp-json\/wp\/v2\/posts"}],"about":[{"href":"https:\/\/www.redenoticia.com.br\/noticia\/wp-json\/wp\/v2\/types\/post"}],"author":[{"embeddable":true,"href":"https:\/\/www.redenoticia.com.br\/noticia\/wp-json\/wp\/v2\/users\/2"}],"replies":[{"embeddable":true,"href":"https:\/\/www.redenoticia.com.br\/noticia\/wp-json\/wp\/v2\/comments?post=66543"}],"version-history":[{"count":0,"href":"https:\/\/www.redenoticia.com.br\/noticia\/wp-json\/wp\/v2\/posts\/66543\/revisions"}],"wp:featuredmedia":[{"embeddable":true,"href":"https:\/\/www.redenoticia.com.br\/noticia\/wp-json\/wp\/v2\/media\/40734"}],"wp:attachment":[{"href":"https:\/\/www.redenoticia.com.br\/noticia\/wp-json\/wp\/v2\/media?parent=66543"}],"wp:term":[{"taxonomy":"category","embeddable":true,"href":"https:\/\/www.redenoticia.com.br\/noticia\/wp-json\/wp\/v2\/categories?post=66543"},{"taxonomy":"post_tag","embeddable":true,"href":"https:\/\/www.redenoticia.com.br\/noticia\/wp-json\/wp\/v2\/tags?post=66543"}],"curies":[{"name":"wp","href":"https:\/\/api.w.org\/{rel}","templated":true}]}}