{"id":66359,"date":"2015-02-13T16:35:43","date_gmt":"2015-02-13T18:35:43","guid":{"rendered":"http:\/\/www.redenoticia.com.br\/noticia\/?p=66359"},"modified":"2015-02-13T16:35:43","modified_gmt":"2015-02-13T18:35:43","slug":"inadimplencia-do-consumidor-aumenta-41-no-primeiro-mes-do-ano","status":"publish","type":"post","link":"https:\/\/www.redenoticia.com.br\/noticia\/2015\/inadimplencia-do-consumidor-aumenta-41-no-primeiro-mes-do-ano\/66359","title":{"rendered":"Inadimpl\u00eancia do consumidor aumenta 4,1% no primeiro m\u00eas do ano"},"content":{"rendered":"<p> A <strong><em>inadimpl\u00eancia<\/em><\/strong> (atrasos no pagamento de presta\u00e7\u00f5es) do consumidor aumentou 4,1% no primeiro m\u00eas de 2015 em rela\u00e7\u00e3o a dezembro do ano passado, o maior percentual de alta mensal registrado em um m\u00eas de janeiro, desde 2003, quando o \u00edndice de aumento foi 7,1%.<\/p>\n<p>Na compara\u00e7\u00e3o com janeiro de 2014, houve crescimento de 16,7%, o que significa o maior ritmo de aumento dos \u00faltimos quatro meses, seguindo o mesmo crit\u00e9rio de compara\u00e7\u00e3o usado pela empresa Serasa Experian, respons\u00e1vel pela pesquisa.<\/p>\n<p>Os economistas da empresa acreditam que a alta da inadimpl\u00eancia no m\u00eas passado, tanto em rela\u00e7\u00e3o a dezembro de 2014 quanto na compara\u00e7\u00e3o interanual, reflete as crescentes dificuldades que o consumidor brasileiro est\u00e1 encontrando para honrar seus compromissos financeiros.<\/p>\n<p>Em nota, a entidade diz que \u201caumentos sazonais de impostos e taxas (como IPTU e IPVA), realinhamento de v\u00e1rios pre\u00e7os administrados (energia el\u00e9trica, transporte urbano, combust\u00edveis), eleva\u00e7\u00f5es nas taxas de juros e enfraquecimento do mercado de trabalho est\u00e3o entre as causas que come\u00e7am a delinear um cen\u00e1rio menos benigno para a inadimpl\u00eancia do consumidor\u201d.<\/p>\n<p>As d\u00edvidas n\u00e3o banc\u00e1rias foram as principais respons\u00e1veis pela alta em janeiro, com eleva\u00e7\u00e3o de 10,4% ante o m\u00eas anterior. Essas d\u00edvidas correspondem a cart\u00f5es de cr\u00e9dito, financeiras, lojas em geral e prestadoras de servi\u00e7os como telefonia e fornecimento de energia el\u00e9trica e \u00e1gua, entre outros.<\/p>\n<p>J\u00e1 a inadimpl\u00eancia com os bancos, apresentou crescimento de 0,3%. Os t\u00edtulos protestados e os cheques sem fundos apresentaram quedas de 12,3% e 9,9%.<\/p>\n<p>Camila Boehm \u2013 Rep\u00f3rter da Ag\u00eancia Brasil<br \/>\nEdi\u00e7\u00e3o: Jorge Wamburg<\/p>\n","protected":false},"excerpt":{"rendered":"<p>A inadimpl\u00eancia (atrasos no pagamento de presta\u00e7\u00f5es) do consumidor aumentou 4,1% no primeiro m\u00eas de 2015 em rela\u00e7\u00e3o a dezembro do ano passado, o maior percentual de alta mensal registrado em um m\u00eas de janeiro, desde 2003, quando o \u00edndice de aumento foi 7,1%. Na compara\u00e7\u00e3o com janeiro de 2014, houve crescimento de 16,7%, o [&hellip;]<\/p>\n","protected":false},"author":2,"featured_media":57583,"comment_status":"open","ping_status":"closed","sticky":false,"template":"","format":"standard","meta":{"_genesis_hide_title":false,"_genesis_hide_breadcrumbs":false,"_genesis_hide_singular_image":false,"_genesis_hide_footer_widgets":false,"_genesis_custom_body_class":"","_genesis_custom_post_class":"","_genesis_layout":"","_jetpack_memberships_contains_paid_content":false,"footnotes":""},"categories":[22,7],"tags":[],"class_list":{"0":"post-66359","1":"post","2":"type-post","3":"status-publish","4":"format-standard","5":"has-post-thumbnail","7":"category-brasil","8":"category-economia","9":"entry","10":"gs-1","11":"gs-odd","12":"gs-even","13":"gs-featured-content-entry"},"jetpack_featured_media_url":"https:\/\/www.redenoticia.com.br\/noticia\/imagens\/economia-grafico.jpg","jetpack_sharing_enabled":true,"jetpack_likes_enabled":true,"_links":{"self":[{"href":"https:\/\/www.redenoticia.com.br\/noticia\/wp-json\/wp\/v2\/posts\/66359","targetHints":{"allow":["GET"]}}],"collection":[{"href":"https:\/\/www.redenoticia.com.br\/noticia\/wp-json\/wp\/v2\/posts"}],"about":[{"href":"https:\/\/www.redenoticia.com.br\/noticia\/wp-json\/wp\/v2\/types\/post"}],"author":[{"embeddable":true,"href":"https:\/\/www.redenoticia.com.br\/noticia\/wp-json\/wp\/v2\/users\/2"}],"replies":[{"embeddable":true,"href":"https:\/\/www.redenoticia.com.br\/noticia\/wp-json\/wp\/v2\/comments?post=66359"}],"version-history":[{"count":0,"href":"https:\/\/www.redenoticia.com.br\/noticia\/wp-json\/wp\/v2\/posts\/66359\/revisions"}],"wp:featuredmedia":[{"embeddable":true,"href":"https:\/\/www.redenoticia.com.br\/noticia\/wp-json\/wp\/v2\/media\/57583"}],"wp:attachment":[{"href":"https:\/\/www.redenoticia.com.br\/noticia\/wp-json\/wp\/v2\/media?parent=66359"}],"wp:term":[{"taxonomy":"category","embeddable":true,"href":"https:\/\/www.redenoticia.com.br\/noticia\/wp-json\/wp\/v2\/categories?post=66359"},{"taxonomy":"post_tag","embeddable":true,"href":"https:\/\/www.redenoticia.com.br\/noticia\/wp-json\/wp\/v2\/tags?post=66359"}],"curies":[{"name":"wp","href":"https:\/\/api.w.org\/{rel}","templated":true}]}}