{"id":66355,"date":"2015-02-13T16:30:11","date_gmt":"2015-02-13T18:30:11","guid":{"rendered":"http:\/\/www.redenoticia.com.br\/noticia\/?p=66355"},"modified":"2015-02-13T16:30:11","modified_gmt":"2015-02-13T18:30:11","slug":"universidades-particulares-podem-reajustar-matriculas-pelo-fies-em-ate-64","status":"publish","type":"post","link":"https:\/\/www.redenoticia.com.br\/noticia\/2015\/universidades-particulares-podem-reajustar-matriculas-pelo-fies-em-ate-64\/66355","title":{"rendered":"Universidades particulares podem reajustar matr\u00edculas pelo Fies em at\u00e9 6,4%"},"content":{"rendered":"<p> Pressionado pelas institui\u00e7\u00f5es de ensino superior, o Minist\u00e9rio da Educa\u00e7\u00e3o (MEC) elevou para at\u00e9 6,4% o reajuste que poder\u00e1 ser aplicado nas matr\u00edculas para o Fundo de Financiamento Estudantil (<strong><em>Fies<\/em><\/strong>). Anteriormente, a pasta havia bloqueado o cr\u00e9dito para as institui\u00e7\u00f5es que aumentaram as mensalidades acima de 4,5%, que \u00e9 a meta de infla\u00e7\u00e3o fixada pelo governo.<\/p>\n<p>Segundo a assessoria do MEC, a mudan\u00e7a ocorreu depois que equipes t\u00e9cnicas da pasta e do Fundo Nacional de Desenvolvimento da Educa\u00e7\u00e3o (FNDE) analisaram as informa\u00e7\u00f5es prestadas pelas institui\u00e7\u00f5es de ensino. Com o novo patamar de reajuste, o minist\u00e9rio anunciou que o sistema para novos contratos do Fies ser\u00e1 aberto no dia 23.<\/p>\n<p> As inscri\u00e7\u00f5es poder\u00e3o ser feitas no portal do programa. A novidade \u00e9 que ser\u00e1 estabelecido um prazo para que os estudantes solicitem o Fies. As inscri\u00e7\u00f5es estar\u00e3o abertas at\u00e9 30 de abril. Antes, a ades\u00e3o podia ser feita a qualquer momento.<\/p>\n<p>Segundo o MEC, os estudantes que aderirem ao fundo de financiamento at\u00e9 29 de mar\u00e7o n\u00e3o estar\u00e3o sujeitos \u00e0s mudan\u00e7as feitas pela portaria, no final do ano passado.<\/p>\n<p>Os que aderirem a partir de 30 mar\u00e7o dever\u00e3o ter obtido m\u00e9dia de pelo menos 450 pontos no Exame Nacional do Ensino M\u00e9dio (Enem) a partir de 2010 e n\u00e3o ter tirado zero na reda\u00e7\u00e3o. <\/p>\n<p>As inscri\u00e7\u00f5es do Fies foram suspensas no in\u00edcio do ano para adequa\u00e7\u00e3o \u00e0s novas normas. Desde o final de janeiro, o sistema est\u00e1 aberto para renova\u00e7\u00e3o de contratos. As mudan\u00e7as no Fies, feitas pela portaria do MEC, causaram pol\u00eamica no setor, pela poss\u00edvel redu\u00e7\u00e3o de contratos. O fundo oferece cobertura da mensalidade a juros de 3,4% ao ano. O contratante s\u00f3 come\u00e7a a quitar o financiamento 18 meses depois de formado.<\/p>\n<p>Desde 2010, o Fies acumula 1,9 milh\u00e3o de contratos e abrange mais de 1,6 mil institui\u00e7\u00f5es.<\/p>\n<p>Ivan Richard &#8211; Rep\u00f3rter da Ag\u00eancia Brasil<br \/>\nEdi\u00e7\u00e3o: Marcos Chagas<\/p>\n","protected":false},"excerpt":{"rendered":"<p>Pressionado pelas institui\u00e7\u00f5es de ensino superior, o Minist\u00e9rio da Educa\u00e7\u00e3o (MEC) elevou para at\u00e9 6,4% o reajuste que poder\u00e1 ser aplicado nas matr\u00edculas para o Fundo de Financiamento Estudantil (Fies). Anteriormente, a pasta havia bloqueado o cr\u00e9dito para as institui\u00e7\u00f5es que aumentaram as mensalidades acima de 4,5%, que \u00e9 a meta de infla\u00e7\u00e3o fixada pelo [&hellip;]<\/p>\n","protected":false},"author":2,"featured_media":26465,"comment_status":"open","ping_status":"closed","sticky":false,"template":"","format":"standard","meta":{"_genesis_hide_title":false,"_genesis_hide_breadcrumbs":false,"_genesis_hide_singular_image":false,"_genesis_hide_footer_widgets":false,"_genesis_custom_body_class":"","_genesis_custom_post_class":"","_genesis_layout":"","_jetpack_memberships_contains_paid_content":false,"footnotes":""},"categories":[22],"tags":[],"class_list":{"0":"post-66355","1":"post","2":"type-post","3":"status-publish","4":"format-standard","5":"has-post-thumbnail","7":"category-brasil","8":"entry","9":"gs-1","10":"gs-odd","11":"gs-even","12":"gs-featured-content-entry"},"jetpack_featured_media_url":"https:\/\/www.redenoticia.com.br\/noticia\/imagens\/fies-financiamento-estudantil-inscricao-resultado.jpg","jetpack_sharing_enabled":true,"jetpack_likes_enabled":true,"_links":{"self":[{"href":"https:\/\/www.redenoticia.com.br\/noticia\/wp-json\/wp\/v2\/posts\/66355","targetHints":{"allow":["GET"]}}],"collection":[{"href":"https:\/\/www.redenoticia.com.br\/noticia\/wp-json\/wp\/v2\/posts"}],"about":[{"href":"https:\/\/www.redenoticia.com.br\/noticia\/wp-json\/wp\/v2\/types\/post"}],"author":[{"embeddable":true,"href":"https:\/\/www.redenoticia.com.br\/noticia\/wp-json\/wp\/v2\/users\/2"}],"replies":[{"embeddable":true,"href":"https:\/\/www.redenoticia.com.br\/noticia\/wp-json\/wp\/v2\/comments?post=66355"}],"version-history":[{"count":0,"href":"https:\/\/www.redenoticia.com.br\/noticia\/wp-json\/wp\/v2\/posts\/66355\/revisions"}],"wp:featuredmedia":[{"embeddable":true,"href":"https:\/\/www.redenoticia.com.br\/noticia\/wp-json\/wp\/v2\/media\/26465"}],"wp:attachment":[{"href":"https:\/\/www.redenoticia.com.br\/noticia\/wp-json\/wp\/v2\/media?parent=66355"}],"wp:term":[{"taxonomy":"category","embeddable":true,"href":"https:\/\/www.redenoticia.com.br\/noticia\/wp-json\/wp\/v2\/categories?post=66355"},{"taxonomy":"post_tag","embeddable":true,"href":"https:\/\/www.redenoticia.com.br\/noticia\/wp-json\/wp\/v2\/tags?post=66355"}],"curies":[{"name":"wp","href":"https:\/\/api.w.org\/{rel}","templated":true}]}}