{"id":66353,"date":"2015-02-13T16:21:36","date_gmt":"2015-02-13T18:21:36","guid":{"rendered":"http:\/\/www.redenoticia.com.br\/noticia\/?p=66353"},"modified":"2015-02-13T16:21:36","modified_gmt":"2015-02-13T18:21:36","slug":"sao-paulo-prepara-plano-de-contingencia-para-pior-cenario-de-crise-de-agua","status":"publish","type":"post","link":"https:\/\/www.redenoticia.com.br\/noticia\/2015\/sao-paulo-prepara-plano-de-contingencia-para-pior-cenario-de-crise-de-agua\/66353","title":{"rendered":"S\u00e3o Paulo prepara plano de conting\u00eancia para pior cen\u00e1rio de crise de \u00e1gua"},"content":{"rendered":"<p> S\u00e3o Paulo ter\u00e1 um plano de conting\u00eancia para enfrentar a <strong><em>crise h\u00eddrica<\/em><\/strong> que atinge sobretudo a regi\u00e3o metropolitana da capital. O an\u00fancio foi feito pelo governador Geraldo Alckmin, ap\u00f3s a primeira reuni\u00e3o do Comit\u00ea de Crise H\u00eddrica, que re\u00fane prefeituras, secretarias de governo, entidades n\u00e3o governamentais (ONGs), universidades e institutos de Defesa do Consumidor.<\/p>\n<p>O plano era uma reivindica\u00e7\u00e3o dos prefeitos das cidades que s\u00e3o abastecidas pelos sistemas Cantareira e Alto Tiet\u00ea, que t\u00eam a pior condi\u00e7\u00e3o de reserva de \u00e1gua. A pr\u00f3xima reuni\u00e3o do grupo deve ocorrer em duas ou tr\u00eas semanas.<\/p>\n<p> De acordo com o governador, o documento ser\u00e1 preparado para o pior cen\u00e1rio de regime de chuva a que se pode chegar neste ano. \u201cPara o caso de precisar de um rod\u00edzio [no abastecimento de \u00e1gua], termos tudo mapeado, mas todos os esfor\u00e7os est\u00e3o sendo feitos para superar a crise e o per\u00edodo seco\u201d, disse Alckmin.<\/p>\n<p>O c\u00e1lculo do governo aponta como situa\u00e7\u00e3o mais cr\u00edtica uma aflu\u00eancia \u2013 entrada de \u00e1gua nos reservat\u00f3rios \u2013 abaixo de 8 metros c\u00fabicos por segundo (m3\/s). Hoje, a demanda \u00e9 de aproximadamente 14 3\/s. O que faltaria de \u00e1gua \u2013 6 m3\/s \u2013 ser\u00e1 providenciada, segundo o governador, por obras emergenciais que aumentariam a capta\u00e7\u00e3o em outras reservas, como o Rio Guai\u00f3 e as represas Guarapiranga e Rio Grande.<\/p>\n<p> O plano vai prever, por exemplo, como deve ser feito o abastecimento de institui\u00e7\u00f5es que n\u00e3o podem prescindir do fornecimento de \u00e1gua, como escolas, hospitais e penitenci\u00e1rias. Para o prefeito da capital, Fernando Haddad, um prazo adequado para apresenta\u00e7\u00e3o do plano seria em torno de um m\u00eas. \u201cO que nos foi apresentado hoje mostra que o pior cen\u00e1rio afasta a possibilidade de rod\u00edzio. Prepararemos tecnicamente um plano de conting\u00eancia esperando n\u00e3o us\u00e1-lo.\u201d<\/p>\n<p>Os prefeitos, al\u00e9m de pedir a forma\u00e7\u00e3o do comit\u00ea e a elabora\u00e7\u00e3o de um plano de conting\u00eancia, querem a ado\u00e7\u00e3o de medidas de comunica\u00e7\u00e3o para manter a popula\u00e7\u00e3o informada. Alckmin n\u00e3o descartou a possibilidade de rod\u00edzio. \u201cIsso \u00e9 uma quest\u00e3o que avaliamos permanentemente, mas [no] fim de fevereiro, meio de mar\u00e7o, vamos verificando. Todas as medidas j\u00e1 estavam sendo tomadas e agora, com o comit\u00ea t\u00e9cnico, ser\u00e3o integradas e ampliadas. Todo trabalho [ser\u00e1 feito] para evitar o rod\u00edzio.&#8221;<\/p>\n<p>O secret\u00e1rio de Recursos H\u00eddricos, Benedito Braga, disse que n\u00e3o h\u00e1 um percentual-limite no Cantareira que indique a necessidade de racionamento. \u201cN\u00e3o existe ainda esse gatilho. Vamos estudar com esse plano de conting\u00eancia e, se for preciso adotar alguma medida mais restritiva do que da redu\u00e7\u00e3o de press\u00e3o, vamos ver que tipo de medida vai ser adotada.\u201d<\/p>\n<p>Camila Maciel &#8211; Rep\u00f3rter da Ag\u00eancia Brasil<br \/>\nEdi\u00e7\u00e3o: Marcos Chagas<\/p>\n","protected":false},"excerpt":{"rendered":"<p>S\u00e3o Paulo ter\u00e1 um plano de conting\u00eancia para enfrentar a crise h\u00eddrica que atinge sobretudo a regi\u00e3o metropolitana da capital. O an\u00fancio foi feito pelo governador Geraldo Alckmin, ap\u00f3s a primeira reuni\u00e3o do Comit\u00ea de Crise H\u00eddrica, que re\u00fane prefeituras, secretarias de governo, entidades n\u00e3o governamentais (ONGs), universidades e institutos de Defesa do Consumidor. O [&hellip;]<\/p>\n","protected":false},"author":2,"featured_media":34905,"comment_status":"open","ping_status":"closed","sticky":false,"template":"","format":"standard","meta":{"_genesis_hide_title":false,"_genesis_hide_breadcrumbs":false,"_genesis_hide_singular_image":false,"_genesis_hide_footer_widgets":false,"_genesis_custom_body_class":"","_genesis_custom_post_class":"","_genesis_layout":"","_jetpack_memberships_contains_paid_content":false,"footnotes":""},"categories":[22],"tags":[],"class_list":{"0":"post-66353","1":"post","2":"type-post","3":"status-publish","4":"format-standard","5":"has-post-thumbnail","7":"category-brasil","8":"entry","9":"gs-1","10":"gs-odd","11":"gs-even","12":"gs-featured-content-entry"},"jetpack_featured_media_url":"https:\/\/www.redenoticia.com.br\/noticia\/imagens\/codigo-florestal.jpg","jetpack_sharing_enabled":true,"jetpack_likes_enabled":true,"_links":{"self":[{"href":"https:\/\/www.redenoticia.com.br\/noticia\/wp-json\/wp\/v2\/posts\/66353","targetHints":{"allow":["GET"]}}],"collection":[{"href":"https:\/\/www.redenoticia.com.br\/noticia\/wp-json\/wp\/v2\/posts"}],"about":[{"href":"https:\/\/www.redenoticia.com.br\/noticia\/wp-json\/wp\/v2\/types\/post"}],"author":[{"embeddable":true,"href":"https:\/\/www.redenoticia.com.br\/noticia\/wp-json\/wp\/v2\/users\/2"}],"replies":[{"embeddable":true,"href":"https:\/\/www.redenoticia.com.br\/noticia\/wp-json\/wp\/v2\/comments?post=66353"}],"version-history":[{"count":0,"href":"https:\/\/www.redenoticia.com.br\/noticia\/wp-json\/wp\/v2\/posts\/66353\/revisions"}],"wp:featuredmedia":[{"embeddable":true,"href":"https:\/\/www.redenoticia.com.br\/noticia\/wp-json\/wp\/v2\/media\/34905"}],"wp:attachment":[{"href":"https:\/\/www.redenoticia.com.br\/noticia\/wp-json\/wp\/v2\/media?parent=66353"}],"wp:term":[{"taxonomy":"category","embeddable":true,"href":"https:\/\/www.redenoticia.com.br\/noticia\/wp-json\/wp\/v2\/categories?post=66353"},{"taxonomy":"post_tag","embeddable":true,"href":"https:\/\/www.redenoticia.com.br\/noticia\/wp-json\/wp\/v2\/tags?post=66353"}],"curies":[{"name":"wp","href":"https:\/\/api.w.org\/{rel}","templated":true}]}}