{"id":66313,"date":"2015-02-12T17:33:44","date_gmt":"2015-02-12T19:33:44","guid":{"rendered":"http:\/\/www.redenoticia.com.br\/noticia\/?p=66313"},"modified":"2015-02-12T17:33:44","modified_gmt":"2015-02-12T19:33:44","slug":"indicadores-da-fgv-sobre-mercado-de-trabalho-apresentam-piora","status":"publish","type":"post","link":"https:\/\/www.redenoticia.com.br\/noticia\/2015\/indicadores-da-fgv-sobre-mercado-de-trabalho-apresentam-piora\/66313","title":{"rendered":"Indicadores da FGV sobre mercado de trabalho apresentam piora"},"content":{"rendered":"<p> Dois indicadores de avalia\u00e7\u00e3o do mercado de trabalho da Funda\u00e7\u00e3o Getulio Vargas (FGV) tiveram piora na passagem de dezembro de 2014 para janeiro deste ano. O Indicador Coincidente de <strong><em>Desemprego<\/em><\/strong>, que considera a percep\u00e7\u00e3o dos consumidores sobre a situa\u00e7\u00e3o atual do mercado de trabalho, piorou 4,8% no per\u00edodo.<\/p>\n<p>Segundo a FGV, o resultado confirma uma tend\u00eancia de piora no mercado de trabalho, j\u00e1 observada ao longo de 2014.<\/p>\n<p>O Indicador Antecedente de Emprego, que busca antecipar a tend\u00eancia do mercado de trabalho nos pr\u00f3ximos meses com base na opini\u00e3o de consumidores e empres\u00e1rios da ind\u00fastria e de servi\u00e7os, caiu 2,4%.<\/p>\n<p>A queda foi puxada principalmente pela piora dos indicadores de tend\u00eancia de neg\u00f3cios da ind\u00fastria (que caiu 9,2%) e do setor de servi\u00e7os (que recuou 7,6%). A avalia\u00e7\u00e3o dos consumidores sobre a disponibilidade de emprego futuro caiu 5,8%.<\/p>\n<p>Vitor Abdala &#8211; Rep\u00f3rter da Ag\u00eancia Brasil<br \/>\nEdi\u00e7\u00e3o: Jos\u00e9 Romildo<\/p>\n<p>&#8212;<br \/>\nCriada em 2007 para fortalecer o sistema p\u00fablico de comunica\u00e7\u00e3o, \u00e9 gestora dos canais TV Brasil, TV Brasil Internacional, Ag\u00eancia Brasil, Radioag\u00eancia Nacional e do sistema p\u00fablico de R\u00e1dio \u2013 composto por oito emissoras. Estes, por sua independ\u00eancia editorial, distinguem-se dos canais estatais ou governamentais, com conte\u00fados diferenciados e complementares aos canais privados. Os ve\u00edculos da EBC t\u00eam autonomia para definir produ\u00e7\u00e3o, programa\u00e7\u00e3o e distribui\u00e7\u00e3o de conte\u00fados.<\/p>\n","protected":false},"excerpt":{"rendered":"<p>Dois indicadores de avalia\u00e7\u00e3o do mercado de trabalho da Funda\u00e7\u00e3o Getulio Vargas (FGV) tiveram piora na passagem de dezembro de 2014 para janeiro deste ano. O Indicador Coincidente de Desemprego, que considera a percep\u00e7\u00e3o dos consumidores sobre a situa\u00e7\u00e3o atual do mercado de trabalho, piorou 4,8% no per\u00edodo. Segundo a FGV, o resultado confirma uma [&hellip;]<\/p>\n","protected":false},"author":2,"featured_media":57583,"comment_status":"open","ping_status":"closed","sticky":false,"template":"","format":"standard","meta":{"_genesis_hide_title":false,"_genesis_hide_breadcrumbs":false,"_genesis_hide_singular_image":false,"_genesis_hide_footer_widgets":false,"_genesis_custom_body_class":"","_genesis_custom_post_class":"","_genesis_layout":"","_jetpack_memberships_contains_paid_content":false,"footnotes":""},"categories":[22,7],"tags":[],"class_list":{"0":"post-66313","1":"post","2":"type-post","3":"status-publish","4":"format-standard","5":"has-post-thumbnail","7":"category-brasil","8":"category-economia","9":"entry","10":"gs-1","11":"gs-odd","12":"gs-even","13":"gs-featured-content-entry"},"jetpack_featured_media_url":"https:\/\/www.redenoticia.com.br\/noticia\/imagens\/economia-grafico.jpg","jetpack_sharing_enabled":true,"jetpack_likes_enabled":true,"_links":{"self":[{"href":"https:\/\/www.redenoticia.com.br\/noticia\/wp-json\/wp\/v2\/posts\/66313","targetHints":{"allow":["GET"]}}],"collection":[{"href":"https:\/\/www.redenoticia.com.br\/noticia\/wp-json\/wp\/v2\/posts"}],"about":[{"href":"https:\/\/www.redenoticia.com.br\/noticia\/wp-json\/wp\/v2\/types\/post"}],"author":[{"embeddable":true,"href":"https:\/\/www.redenoticia.com.br\/noticia\/wp-json\/wp\/v2\/users\/2"}],"replies":[{"embeddable":true,"href":"https:\/\/www.redenoticia.com.br\/noticia\/wp-json\/wp\/v2\/comments?post=66313"}],"version-history":[{"count":0,"href":"https:\/\/www.redenoticia.com.br\/noticia\/wp-json\/wp\/v2\/posts\/66313\/revisions"}],"wp:featuredmedia":[{"embeddable":true,"href":"https:\/\/www.redenoticia.com.br\/noticia\/wp-json\/wp\/v2\/media\/57583"}],"wp:attachment":[{"href":"https:\/\/www.redenoticia.com.br\/noticia\/wp-json\/wp\/v2\/media?parent=66313"}],"wp:term":[{"taxonomy":"category","embeddable":true,"href":"https:\/\/www.redenoticia.com.br\/noticia\/wp-json\/wp\/v2\/categories?post=66313"},{"taxonomy":"post_tag","embeddable":true,"href":"https:\/\/www.redenoticia.com.br\/noticia\/wp-json\/wp\/v2\/tags?post=66313"}],"curies":[{"name":"wp","href":"https:\/\/api.w.org\/{rel}","templated":true}]}}