{"id":66310,"date":"2015-02-12T17:30:10","date_gmt":"2015-02-12T19:30:10","guid":{"rendered":"http:\/\/www.redenoticia.com.br\/noticia\/?p=66310"},"modified":"2015-02-12T17:30:10","modified_gmt":"2015-02-12T19:30:10","slug":"operacao-carnaval-2015-da-prf-em-todo-o-pais","status":"publish","type":"post","link":"https:\/\/www.redenoticia.com.br\/noticia\/2015\/operacao-carnaval-2015-da-prf-em-todo-o-pais\/66310","title":{"rendered":"Opera\u00e7\u00e3o Carnaval 2015 da PRF em todo o pa\u00eds"},"content":{"rendered":"<p> A Pol\u00edcia Rodovi\u00e1ria Federal (PRF) inicia a opera\u00e7\u00e3o de fiscaliza\u00e7\u00e3o nas rodovias brasileiras em todo o pa\u00eds. A Opera\u00e7\u00e3o <strong><em>Carnaval<\/em><\/strong> 2015, com a meta de combater os casos de embriaguez ao volante, ser\u00e1 o foco das a\u00e7\u00f5es durante o per\u00edodo de festas at\u00e9 a Quarta-Feira de Cinzas (18). Ao todo, 10 mil agentes, entre cargos administrativos e de fiscaliza\u00e7\u00e3o estar\u00e3o envolvidos nas a\u00e7\u00f5es. <\/p>\n<p> De acordo com o Diego Brad\u00e3o, agente da PRF, o teste de alcoolemia \u00e9 necess\u00e1rio devido \u00e0s pr\u00f3prias caracter\u00edsticas das festas carnavalescas, per\u00edodo em que as pessoas costumam exagerar no consumo de bebidas alco\u00f3licas.<\/p>\n<p>&#8220;O n\u00famero de infra\u00e7\u00f5es relacionados \u00e0 ingest\u00e3o de \u00e1lcool e outras subst\u00e2ncias entorpecentes nas \u00e9pocas do carnaval \u00e9 muito superior ao de outros feriados nacionais. No Ano-Novo, para cada 62 testes feitos pela pol\u00edcia, um flagrante era registrado. No Natal passado, a rela\u00e7\u00e3o foi de um flagrante para cada 52 testes. No carnaval, eram necess\u00e1rios apenas 32 testes para identificar uma ocorr\u00eancia de consumo de \u00e1lcool&#8221;, disse Diego.<\/p>\n<p>As altera\u00e7\u00f5es na Lei Seca n\u00e3o toleram qualquer n\u00edvel de embriaguez, e o motorista que for flagrado dirigindo sob efeito de \u00e1lcool, al\u00e9m de ter a Carteira de Habilita\u00e7\u00e3o suspensa e ser impedido de continuar a viagem, tamb\u00e9m ter\u00e1 de desembolsar R$ 1.915 em multa. Ser\u00e3o utilizados 970 medidores de alcoolemia (aparelho que mede a quantidade de \u00e1lcool por litro de sangue) na a\u00e7\u00f5es da PRF que v\u00e3o at\u00e9 a Quarta-Feira de Cinzas.<\/p>\n<p>No Distrito Federal, o aumento de 40% no efetivo de agentes ser\u00e1 poss\u00edvel pelo remanejamento dos policiais em fun\u00e7\u00e3o administrativa para as rodovias. As principais sa\u00eddas da cidade, as BR 020, que liga o DF ao nordeste; BR 040, com liga\u00e7\u00e3o para o Sul do pa\u00eds e BR 070, que tem sa\u00edda para Piren\u00f3polis devem concentrar as maiores a\u00e7\u00f5es.<\/p>\n<p>A maioria dos acidentes nas rodovias s\u00e3o causados por falta de aten\u00e7\u00e3o dos motoristas \u00e0s normas de tr\u00e2nsito, e est\u00e3o relacionados as ultrapassagens indevidas, velocidade superior ao limite das vias e abuso de \u00e1lcool, conforme foi apontado pela PRF.<\/p>\n<p>Da Ag\u00eancia Brasil<br \/>\nEdi\u00e7\u00e3o: Val\u00e9ria Aguiar<\/p>\n","protected":false},"excerpt":{"rendered":"<p>A Pol\u00edcia Rodovi\u00e1ria Federal (PRF) inicia a opera\u00e7\u00e3o de fiscaliza\u00e7\u00e3o nas rodovias brasileiras em todo o pa\u00eds. A Opera\u00e7\u00e3o Carnaval 2015, com a meta de combater os casos de embriaguez ao volante, ser\u00e1 o foco das a\u00e7\u00f5es durante o per\u00edodo de festas at\u00e9 a Quarta-Feira de Cinzas (18). Ao todo, 10 mil agentes, entre cargos [&hellip;]<\/p>\n","protected":false},"author":2,"featured_media":35207,"comment_status":"open","ping_status":"closed","sticky":false,"template":"","format":"standard","meta":{"_genesis_hide_title":false,"_genesis_hide_breadcrumbs":false,"_genesis_hide_singular_image":false,"_genesis_hide_footer_widgets":false,"_genesis_custom_body_class":"","_genesis_custom_post_class":"","_genesis_layout":"","_jetpack_memberships_contains_paid_content":false,"footnotes":""},"categories":[22],"tags":[],"class_list":{"0":"post-66310","1":"post","2":"type-post","3":"status-publish","4":"format-standard","5":"has-post-thumbnail","7":"category-brasil","8":"entry","9":"gs-1","10":"gs-odd","11":"gs-even","12":"gs-featured-content-entry"},"jetpack_featured_media_url":"https:\/\/www.redenoticia.com.br\/noticia\/imagens\/transito-estradas.jpg","jetpack_sharing_enabled":true,"jetpack_likes_enabled":true,"_links":{"self":[{"href":"https:\/\/www.redenoticia.com.br\/noticia\/wp-json\/wp\/v2\/posts\/66310","targetHints":{"allow":["GET"]}}],"collection":[{"href":"https:\/\/www.redenoticia.com.br\/noticia\/wp-json\/wp\/v2\/posts"}],"about":[{"href":"https:\/\/www.redenoticia.com.br\/noticia\/wp-json\/wp\/v2\/types\/post"}],"author":[{"embeddable":true,"href":"https:\/\/www.redenoticia.com.br\/noticia\/wp-json\/wp\/v2\/users\/2"}],"replies":[{"embeddable":true,"href":"https:\/\/www.redenoticia.com.br\/noticia\/wp-json\/wp\/v2\/comments?post=66310"}],"version-history":[{"count":0,"href":"https:\/\/www.redenoticia.com.br\/noticia\/wp-json\/wp\/v2\/posts\/66310\/revisions"}],"wp:featuredmedia":[{"embeddable":true,"href":"https:\/\/www.redenoticia.com.br\/noticia\/wp-json\/wp\/v2\/media\/35207"}],"wp:attachment":[{"href":"https:\/\/www.redenoticia.com.br\/noticia\/wp-json\/wp\/v2\/media?parent=66310"}],"wp:term":[{"taxonomy":"category","embeddable":true,"href":"https:\/\/www.redenoticia.com.br\/noticia\/wp-json\/wp\/v2\/categories?post=66310"},{"taxonomy":"post_tag","embeddable":true,"href":"https:\/\/www.redenoticia.com.br\/noticia\/wp-json\/wp\/v2\/tags?post=66310"}],"curies":[{"name":"wp","href":"https:\/\/api.w.org\/{rel}","templated":true}]}}