{"id":66308,"date":"2015-02-12T17:27:30","date_gmt":"2015-02-12T19:27:30","guid":{"rendered":"http:\/\/www.redenoticia.com.br\/noticia\/?p=66308"},"modified":"2015-02-12T17:27:30","modified_gmt":"2015-02-12T19:27:30","slug":"nove-em-cada-dez-municipios-nao-atingem-meta-de-aprendizado","status":"publish","type":"post","link":"https:\/\/www.redenoticia.com.br\/noticia\/2015\/nove-em-cada-dez-municipios-nao-atingem-meta-de-aprendizado\/66308","title":{"rendered":"Nove em cada dez munic\u00edpios n\u00e3o atingem meta de aprendizado"},"content":{"rendered":"<p>Aproximadamente nove em cada dez munic\u00edpios brasileiros n\u00e3o atingiram o percentual m\u00ednimo de alunos com desempenho adequado em matem\u00e1tica no 9\u00ba ano do ensino fundamental, segundo os par\u00e2metros do movimento Todos pela <strong><em>Educa\u00e7\u00e3o<\/em><\/strong> para 2013. De acordo com os dados, 10,8% dos munic\u00edpios atingiram a meta intermedi\u00e1ria calculada para que, em 2022, bicenten\u00e1rio da Independ\u00eancia do Brasil, pelo menos 70% dos alunos tenham aprendizado adequado.<\/p>\n<p>O Todos pela Educa\u00e7\u00e3o considerou os resultados da Prova Brasil de 2013, os \u00faltimos dispon\u00edveis. Em matem\u00e1tica, 10,8% atingiram a meta intermedi\u00e1ria. Em portugu\u00eas, esse percentual foi 29,6% dos munic\u00edpios. As metas variam de acordo com o ano, a disciplina e a localidade. As metas intermedi\u00e1rias podem ser consultadas\u00a0no .<\/p>\n<p>Desde 2011, a organiza\u00e7\u00e3o tem verificado a queda no percentual dos munic\u00edpios que conseguem cumprir as metas intermedi\u00e1rias em ambas as disciplinas. Para se ter ideia, em 2009, 83,7% dos munic\u00edpios cumpriram a meta para o ano em portugu\u00eas no fim do ensino fundamental e 42,7%, em matem\u00e1tica.<\/p>\n<p>&#8220;N\u00e3o \u00e9 que os munic\u00edpios estejam piorando, mas o que estamos observando \u00e9 que n\u00e3o estamos melhorando&#8221;, analisa a coordenadora-geral do Todos Pela Educa\u00e7\u00e3o, Alejandra Meraz Velasco. &#8220;Isso acende um alerta. Tinha-se a expectativa de que os bons resultados que v\u00eam sendo observados nos anos iniciais teriam repercuss\u00e3o nos anos finais, que come\u00e7ariam a melhorar, mas n\u00e3o \u00e9 isso que vem se verificando. Chega ao ensino m\u00e9dio um aluno que n\u00e3o tem condi\u00e7\u00f5es de acompanhar a etapa&#8221;, acrescenta.<\/p>\n<p>O Brasil n\u00e3o tem, oficialmente, metas claras do que deve ser aprendido em cada n\u00edvel de ensino. Em matem\u00e1tica, no 9\u00ba ano, o Instituto Nacional de Estudos e Pesquisas Educacionais An\u00edsio Teixeira (Inep) considera nove n\u00edveis de desempenho na Prova Brasil, sem definir qual \u00e9 o adequado. Para o movimento Todos pela Educa\u00e7\u00e3o, o desempenho adequado \u00e9 igual ou maior que 300, que corresponde, no m\u00ednimo, ao n\u00edvel cinco do Inep. Para portugu\u00eas, o desempenho considerado adequado \u00e9 igual ou superior a 275, que corresponde no m\u00ednimo ao n\u00edvel quatro dos oito considerados pelo Inep.<\/p>\n<p>Segundo Alejandra, &#8220;n\u00e3o h\u00e1 bala de prata para solucionar a quest\u00e3o&#8221;. Ela defende que esses resultados refor\u00e7am que \u00e9 preciso pensar pol\u00edticas p\u00fablicas espec\u00edficas para os anos finais do ensino fundamental. A forma\u00e7\u00e3o de professores e a defini\u00e7\u00e3o de uma base nacional comum seriam quest\u00f5es-chave. &#8220;A forma\u00e7\u00e3o dos professores \u00e9, sem d\u00favida, a mais importante, a que mais se aproxima de uma bala de prata. Uma base nacional comum ajuda a definir melhor o curr\u00edculo de forma\u00e7\u00e3o dos professores e ajuda o professor a ter clareza do que trabalhar em sala, al\u00e9m dos pais, a terem uma ideia mais objetiva do que deve cobrar da escola.&#8221;<\/p>\n<p>Nos anos iniciais do ensino fundamental, segundo o movimento, 48% dos munic\u00edpios atingiram a meta intermedi\u00e1ria para o ano em portugu\u00eas e 61,7%, em matem\u00e1tica, com base no desempenho do 5\u00ba ano.<\/p>\n<p>Mariana Tokarnia &#8211; Rep\u00f3rter da Ag\u00eancia Brasil<br \/>\nEdi\u00e7\u00e3o: Gra\u00e7a Adjuto<\/p>\n","protected":false},"excerpt":{"rendered":"<p>Aproximadamente nove em cada dez munic\u00edpios brasileiros n\u00e3o atingiram o percentual m\u00ednimo de alunos com desempenho adequado em matem\u00e1tica no 9\u00ba ano do ensino fundamental, segundo os par\u00e2metros do movimento Todos pela Educa\u00e7\u00e3o para 2013. De acordo com os dados, 10,8% dos munic\u00edpios atingiram a meta intermedi\u00e1ria calculada para que, em 2022, bicenten\u00e1rio da Independ\u00eancia [&hellip;]<\/p>\n","protected":false},"author":2,"featured_media":36262,"comment_status":"open","ping_status":"closed","sticky":false,"template":"","format":"standard","meta":{"_genesis_hide_title":false,"_genesis_hide_breadcrumbs":false,"_genesis_hide_singular_image":false,"_genesis_hide_footer_widgets":false,"_genesis_custom_body_class":"","_genesis_custom_post_class":"","_genesis_layout":"","_jetpack_memberships_contains_paid_content":false,"footnotes":""},"categories":[22],"tags":[],"class_list":{"0":"post-66308","1":"post","2":"type-post","3":"status-publish","4":"format-standard","5":"has-post-thumbnail","7":"category-brasil","8":"entry","9":"gs-1","10":"gs-odd","11":"gs-even","12":"gs-featured-content-entry"},"jetpack_featured_media_url":"https:\/\/www.redenoticia.com.br\/noticia\/imagens\/aluno-a.jpg","jetpack_sharing_enabled":true,"jetpack_likes_enabled":true,"_links":{"self":[{"href":"https:\/\/www.redenoticia.com.br\/noticia\/wp-json\/wp\/v2\/posts\/66308","targetHints":{"allow":["GET"]}}],"collection":[{"href":"https:\/\/www.redenoticia.com.br\/noticia\/wp-json\/wp\/v2\/posts"}],"about":[{"href":"https:\/\/www.redenoticia.com.br\/noticia\/wp-json\/wp\/v2\/types\/post"}],"author":[{"embeddable":true,"href":"https:\/\/www.redenoticia.com.br\/noticia\/wp-json\/wp\/v2\/users\/2"}],"replies":[{"embeddable":true,"href":"https:\/\/www.redenoticia.com.br\/noticia\/wp-json\/wp\/v2\/comments?post=66308"}],"version-history":[{"count":0,"href":"https:\/\/www.redenoticia.com.br\/noticia\/wp-json\/wp\/v2\/posts\/66308\/revisions"}],"wp:featuredmedia":[{"embeddable":true,"href":"https:\/\/www.redenoticia.com.br\/noticia\/wp-json\/wp\/v2\/media\/36262"}],"wp:attachment":[{"href":"https:\/\/www.redenoticia.com.br\/noticia\/wp-json\/wp\/v2\/media?parent=66308"}],"wp:term":[{"taxonomy":"category","embeddable":true,"href":"https:\/\/www.redenoticia.com.br\/noticia\/wp-json\/wp\/v2\/categories?post=66308"},{"taxonomy":"post_tag","embeddable":true,"href":"https:\/\/www.redenoticia.com.br\/noticia\/wp-json\/wp\/v2\/tags?post=66308"}],"curies":[{"name":"wp","href":"https:\/\/api.w.org\/{rel}","templated":true}]}}