{"id":66306,"date":"2015-02-12T17:24:26","date_gmt":"2015-02-12T19:24:26","guid":{"rendered":"http:\/\/www.redenoticia.com.br\/noticia\/?p=66306"},"modified":"2015-02-12T17:24:26","modified_gmt":"2015-02-12T19:24:26","slug":"comite-rio-2016-inclui-manaus-entre-cidades-que-podem-sediar-jogos-de-futebol","status":"publish","type":"post","link":"https:\/\/www.redenoticia.com.br\/noticia\/2015\/comite-rio-2016-inclui-manaus-entre-cidades-que-podem-sediar-jogos-de-futebol\/66306","title":{"rendered":"Comit\u00ea Rio 2016 inclui Manaus entre cidades que podem sediar jogos de futebol"},"content":{"rendered":"<p> O Comit\u00ea Organizador dos <strong><em>Jogos Ol\u00edmpicos<\/em><\/strong> Rio 2016 informou que acrescentou a cidade de Manaus \u00e0 lista de capitais \u00e0 disposi\u00e7\u00e3o da Federa\u00e7\u00e3o Internacional de Futebol (Fifa) para sediar os jogos da modalidade. O presidente do comit\u00ea, Carlos Arthur Nuzman, disse que a regi\u00e3o amaz\u00f4nica tem grande visibilidade internacional e que os jogos s\u00e3o do Brasil.<\/p>\n<p>&#8220;Estamos encaminhando \u00e0 Fifa a sugest\u00e3o dessas cidades e agora aguardaremos&#8221;, disse Nuzman. Ele explicou que todas as federa\u00e7\u00f5es esportivas participam da defini\u00e7\u00e3o dos jogos a partir de sugest\u00f5es encaminhadas pelo comit\u00ea.<\/p>\n<p>Segundo Nuzman, \u00e9 preciso aguardar a decis\u00e3o da entidade para definir quais ser\u00e3o os custos com as sedes do torneio de futebol, que tamb\u00e9m poder\u00e1 ter partidas disputadas em Salvador, S\u00e3o Paulo, Belo Horizonte, Bras\u00edlia e no Rio de Janeiro. &#8220;S\u00e3o os jogos do Brasil, e nada mais natural que se integre o pa\u00eds nos jogos.&#8221;<\/p>\n<p>O presidente da Confedera\u00e7\u00e3o Brasileira de Futebol, Jos\u00e9 Maria Marin, disse que a CBF vai trabalhar para que Manaus seja aceita como sede para o futebol. &#8220;Se o comit\u00ea est\u00e1 sugerindo essas cidades, teve raz\u00f5es comprovadas de que h\u00e1 fundamenta\u00e7\u00e3o [na recomenda\u00e7\u00e3o]&#8221;.<\/p>\n<p>O prefeito de Manaus, Arthur Virg\u00edlio Neto, disse que deixar a cidade de fora da competi\u00e7\u00e3o seria fugir de um emblema do pa\u00eds. &#8220;Vamos a v\u00e1rias embaixadas oferecer nosso centro de treinamento, e \u00e0 Fifa, para esclarecer quaisquer d\u00favidas&#8221;, acrescentou o prefeito, lembrando que a cidade recebeu elogios da entidade ap\u00f3s a Copa do Mundo.<\/p>\n<p>O torneio masculino ser\u00e1 disputado por 16 sele\u00e7\u00f5es, entre as quais j\u00e1 est\u00e3o garantidas as do Brasil, que sedia o evento, e da Argentina, campe\u00e3 sub-20. O feminino ter\u00e1 12 equipes, que j\u00e1 incluem o Brasil e a Col\u00f4mbia.<\/p>\n<p>Para os homens, os jogos come\u00e7ar\u00e3o em 4 de agosto e a final ser\u00e1 disputada no dia 20 do mesmo m\u00eas. A competi\u00e7\u00e3o feminina come\u00e7a e termina um dia antes, em 3 e 19 de agosto.<\/p>\n<p>Vinicius Lisboa &#8211; Rep\u00f3rter da Ag\u00eancia Brasil<br \/>\nEdi\u00e7\u00e3o: Gra\u00e7a Adjuto<\/p>\n","protected":false},"excerpt":{"rendered":"<p>O Comit\u00ea Organizador dos Jogos Ol\u00edmpicos Rio 2016 informou que acrescentou a cidade de Manaus \u00e0 lista de capitais \u00e0 disposi\u00e7\u00e3o da Federa\u00e7\u00e3o Internacional de Futebol (Fifa) para sediar os jogos da modalidade. O presidente do comit\u00ea, Carlos Arthur Nuzman, disse que a regi\u00e3o amaz\u00f4nica tem grande visibilidade internacional e que os jogos s\u00e3o do [&hellip;]<\/p>\n","protected":false},"author":2,"featured_media":39880,"comment_status":"open","ping_status":"closed","sticky":false,"template":"","format":"standard","meta":{"_genesis_hide_title":false,"_genesis_hide_breadcrumbs":false,"_genesis_hide_singular_image":false,"_genesis_hide_footer_widgets":false,"_genesis_custom_body_class":"","_genesis_custom_post_class":"","_genesis_layout":"","_jetpack_memberships_contains_paid_content":false,"footnotes":""},"categories":[22],"tags":[],"class_list":{"0":"post-66306","1":"post","2":"type-post","3":"status-publish","4":"format-standard","5":"has-post-thumbnail","7":"category-brasil","8":"entry","9":"gs-1","10":"gs-odd","11":"gs-even","12":"gs-featured-content-entry"},"jetpack_featured_media_url":"https:\/\/www.redenoticia.com.br\/noticia\/imagens\/olimpiadas.jpg","jetpack_sharing_enabled":true,"jetpack_likes_enabled":true,"_links":{"self":[{"href":"https:\/\/www.redenoticia.com.br\/noticia\/wp-json\/wp\/v2\/posts\/66306","targetHints":{"allow":["GET"]}}],"collection":[{"href":"https:\/\/www.redenoticia.com.br\/noticia\/wp-json\/wp\/v2\/posts"}],"about":[{"href":"https:\/\/www.redenoticia.com.br\/noticia\/wp-json\/wp\/v2\/types\/post"}],"author":[{"embeddable":true,"href":"https:\/\/www.redenoticia.com.br\/noticia\/wp-json\/wp\/v2\/users\/2"}],"replies":[{"embeddable":true,"href":"https:\/\/www.redenoticia.com.br\/noticia\/wp-json\/wp\/v2\/comments?post=66306"}],"version-history":[{"count":0,"href":"https:\/\/www.redenoticia.com.br\/noticia\/wp-json\/wp\/v2\/posts\/66306\/revisions"}],"wp:featuredmedia":[{"embeddable":true,"href":"https:\/\/www.redenoticia.com.br\/noticia\/wp-json\/wp\/v2\/media\/39880"}],"wp:attachment":[{"href":"https:\/\/www.redenoticia.com.br\/noticia\/wp-json\/wp\/v2\/media?parent=66306"}],"wp:term":[{"taxonomy":"category","embeddable":true,"href":"https:\/\/www.redenoticia.com.br\/noticia\/wp-json\/wp\/v2\/categories?post=66306"},{"taxonomy":"post_tag","embeddable":true,"href":"https:\/\/www.redenoticia.com.br\/noticia\/wp-json\/wp\/v2\/tags?post=66306"}],"curies":[{"name":"wp","href":"https:\/\/api.w.org\/{rel}","templated":true}]}}