{"id":66259,"date":"2015-02-11T15:55:21","date_gmt":"2015-02-11T17:55:21","guid":{"rendered":"http:\/\/www.redenoticia.com.br\/noticia\/?p=66259"},"modified":"2015-02-11T15:55:21","modified_gmt":"2015-02-11T17:55:21","slug":"credito-mais-caro-projeta-fraco-desempenho-do-comercio-em-2015-diz-cnc","status":"publish","type":"post","link":"https:\/\/www.redenoticia.com.br\/noticia\/2015\/credito-mais-caro-projeta-fraco-desempenho-do-comercio-em-2015-diz-cnc\/66259","title":{"rendered":"Cr\u00e9dito mais caro projeta fraco desempenho do com\u00e9rcio em 2015, diz CNC"},"content":{"rendered":"<p> A situa\u00e7\u00e3o do <strong><em>com\u00e9rcio varejista<\/em><\/strong> do pa\u00eds dever\u00e1 repetir, em 2015, o fraco desempenho de 2014, quando as vendas do setor ficaram em apenas 2,2%, o pior resultado desde 2003. A expectativa \u00e9 da Confedera\u00e7\u00e3o Nacional do Com\u00e9rcio de Bens, Servi\u00e7os e de Turismo (CNC) baseada na Pesquisa Mensal do Com\u00e9rcio (PMC). Os dados foram divulgados pelo Instituto Brasileiro de Geografia e Estat\u00edstica (IBGE). Em dezembro, comparado ao desempenho de novembro do ano passado, houve uma queda nas vendas do com\u00e9rcio varejista de 0,26%.<\/p>\n<p> Segundo a CNC, o desempenho ser\u00e1 consequ\u00eancia de um \u201cmercado de trabalho fraco em decorr\u00eancia de reajustes nos pre\u00e7os administrados e da tend\u00eancia de encarecimento do cr\u00e9dito ao longo de 2015\u201d.<\/p>\n<p>Para a confedera\u00e7\u00e3o, essa conjun\u00e7\u00e3o de fatores impedir\u00e1 a recupera\u00e7\u00e3o das vendas, que dever\u00e3o fechar 2015 com crescimento de 1,7%, ainda menor que no ano passado. Para a Divis\u00e3o Econ\u00f4mica da CNC, o resultado das vendas em 2014 \u2013 o pior em 11 anos \u2013 \u00e9 consequ\u00eancia do encarecimento do cr\u00e9dito ao longo do ano e do reajuste dos pre\u00e7os administrados a partir do quarto trimestre, uma vez que os pre\u00e7os no varejo cresceram menos no ano passado (6,1%) do que em 2013 (7,3%)\u201d.<\/p>\n<p>Para o economista da CNC Fabio Bentes, a expectativa da confedera\u00e7\u00e3o de que o volume de vendas feche o ano com avan\u00e7o de 1,7%, mantem a trajet\u00f3ria de desacelera\u00e7\u00e3o ante ao ano anterior. \u201cApesar do ritmo menos intenso da infla\u00e7\u00e3o dos bens comercializ\u00e1veis, a maior press\u00e3o oriunda dos reajustes nos pre\u00e7os administrados e a tend\u00eancia de encarecimento do cr\u00e9dito ao consumidor ao longo de 2015 impedir\u00e3o a recupera\u00e7\u00e3o das vendas ao longo do ano\u201d.<\/p>\n<p>Nielmar de Oliveira &#8211; Rep\u00f3rter da Ag\u00eancia Brasil<br \/>\nEdi\u00e7\u00e3o: Marcos Chagas<\/p>\n","protected":false},"excerpt":{"rendered":"<p>A situa\u00e7\u00e3o do com\u00e9rcio varejista do pa\u00eds dever\u00e1 repetir, em 2015, o fraco desempenho de 2014, quando as vendas do setor ficaram em apenas 2,2%, o pior resultado desde 2003. A expectativa \u00e9 da Confedera\u00e7\u00e3o Nacional do Com\u00e9rcio de Bens, Servi\u00e7os e de Turismo (CNC) baseada na Pesquisa Mensal do Com\u00e9rcio (PMC). Os dados foram [&hellip;]<\/p>\n","protected":false},"author":2,"featured_media":35203,"comment_status":"open","ping_status":"closed","sticky":false,"template":"","format":"standard","meta":{"_genesis_hide_title":false,"_genesis_hide_breadcrumbs":false,"_genesis_hide_singular_image":false,"_genesis_hide_footer_widgets":false,"_genesis_custom_body_class":"","_genesis_custom_post_class":"","_genesis_layout":"","_jetpack_memberships_contains_paid_content":false,"footnotes":""},"categories":[22,7],"tags":[],"class_list":{"0":"post-66259","1":"post","2":"type-post","3":"status-publish","4":"format-standard","5":"has-post-thumbnail","7":"category-brasil","8":"category-economia","9":"entry","10":"gs-1","11":"gs-odd","12":"gs-even","13":"gs-featured-content-entry"},"jetpack_featured_media_url":"https:\/\/www.redenoticia.com.br\/noticia\/imagens\/cartao-credito.jpg","jetpack_sharing_enabled":true,"jetpack_likes_enabled":true,"_links":{"self":[{"href":"https:\/\/www.redenoticia.com.br\/noticia\/wp-json\/wp\/v2\/posts\/66259","targetHints":{"allow":["GET"]}}],"collection":[{"href":"https:\/\/www.redenoticia.com.br\/noticia\/wp-json\/wp\/v2\/posts"}],"about":[{"href":"https:\/\/www.redenoticia.com.br\/noticia\/wp-json\/wp\/v2\/types\/post"}],"author":[{"embeddable":true,"href":"https:\/\/www.redenoticia.com.br\/noticia\/wp-json\/wp\/v2\/users\/2"}],"replies":[{"embeddable":true,"href":"https:\/\/www.redenoticia.com.br\/noticia\/wp-json\/wp\/v2\/comments?post=66259"}],"version-history":[{"count":0,"href":"https:\/\/www.redenoticia.com.br\/noticia\/wp-json\/wp\/v2\/posts\/66259\/revisions"}],"wp:featuredmedia":[{"embeddable":true,"href":"https:\/\/www.redenoticia.com.br\/noticia\/wp-json\/wp\/v2\/media\/35203"}],"wp:attachment":[{"href":"https:\/\/www.redenoticia.com.br\/noticia\/wp-json\/wp\/v2\/media?parent=66259"}],"wp:term":[{"taxonomy":"category","embeddable":true,"href":"https:\/\/www.redenoticia.com.br\/noticia\/wp-json\/wp\/v2\/categories?post=66259"},{"taxonomy":"post_tag","embeddable":true,"href":"https:\/\/www.redenoticia.com.br\/noticia\/wp-json\/wp\/v2\/tags?post=66259"}],"curies":[{"name":"wp","href":"https:\/\/api.w.org\/{rel}","templated":true}]}}