{"id":66255,"date":"2015-02-11T15:52:15","date_gmt":"2015-02-11T17:52:15","guid":{"rendered":"http:\/\/www.redenoticia.com.br\/noticia\/?p=66255"},"modified":"2015-02-11T15:52:15","modified_gmt":"2015-02-11T17:52:15","slug":"tesouro-estima-que-divida-publica-federal-pode-chegar-a-r-26-trilhoes-em-2015","status":"publish","type":"post","link":"https:\/\/www.redenoticia.com.br\/noticia\/2015\/tesouro-estima-que-divida-publica-federal-pode-chegar-a-r-26-trilhoes-em-2015\/66255","title":{"rendered":"Tesouro estima que D\u00edvida P\u00fablica Federal pode chegar a R$ 2,6 trilh\u00f5es em 2015"},"content":{"rendered":"<p> A <strong><em>D\u00edvida P\u00fablica Federal<\/em><\/strong> dever\u00e1 encerrar o ano em uma faixa entre R$ 2,45 trilh\u00f5es e R$ 2,6 trilh\u00f5es. Os n\u00fameros foram divulgados pelo Tesouro Nacional, que apresentou o Plano Anual de Financiamento (PAF) da d\u00edvida p\u00fablica em 2015. A DPF terminou 2014 em R$ 2,296 trilh\u00f5es.<\/p>\n<p>De acordo com o PAF, que apresenta metas para a d\u00edvida p\u00fablica este ano, o governo pretende continuar melhorando a composi\u00e7\u00e3o da DPF no decorrer do ano, ampliando a fatia de t\u00edtulos prefixados \u2013 com taxas de juros fixas e definidas antecipadamente \u2013 e vinculados \u00e0 infla\u00e7\u00e3o diminuindo a parcela corrigida por taxas flutuantes como a Selic (juros b\u00e1sicos da economia) e pelo c\u00e2mbio.<\/p>\n<p>Segundo o documento, a fatia dos t\u00edtulos prefixados dever\u00e1 encerrar o ano entre 40% e 44% da DPF. Atualmente, a participa\u00e7\u00e3o est\u00e1 em 41,6%. A parcela corrigida por \u00edndices de pre\u00e7os dever\u00e1 ficar entre 33% e 37%. Hoje, est\u00e1 em 34,9%.<\/p>\n<p>A parcela da DPF vinculada a taxas flutuantes dever\u00e1 cair de 18,7%, registrado atualmente, para uma faixa entre 17% e 22%. Sobre a participa\u00e7\u00e3o da d\u00edvida corrigida pelo c\u00e2mbio, considerando a d\u00edvida p\u00fablica externa, a meta \u00e9 encerrar 2015 entre 4% e 6%. O percentual atual est\u00e1 em 4,8%.<\/p>\n<p>Com rela\u00e7\u00e3o ao prazo m\u00e9dio da DPF, o Plano Anual de Financiamento calcula que ficar\u00e1 entre 4,4 anos e 4,6 anos, em 2015. No fim de 2014, ficou em 4,4 anos. O Tesouro divulga as estimativas em anos, n\u00e3o em meses. J\u00e1 a parcela da d\u00edvida que vence nos pr\u00f3ximos 12 meses deve encerrar o ano entre 21% e 25%. Atualmente, est\u00e1 em 24%.<\/p>\n<p>Por meio da d\u00edvida p\u00fablica, o Tesouro Nacional emite t\u00edtulos e pega dinheiro emprestado dos investidores para honrar compromissos. Em troca, o governo compromete-se a devolver os recursos com alguma corre\u00e7\u00e3o, que pode seguir a taxa Selic, a infla\u00e7\u00e3o, o c\u00e2mbio ou ser prefixada.<\/p>\n<p>Mariana Branco &#8211; Rep\u00f3rter da Ag\u00eancia Brasil<br \/>\nEdi\u00e7\u00e3o: Marcos Chagas<\/p>\n","protected":false},"excerpt":{"rendered":"<p>A D\u00edvida P\u00fablica Federal dever\u00e1 encerrar o ano em uma faixa entre R$ 2,45 trilh\u00f5es e R$ 2,6 trilh\u00f5es. Os n\u00fameros foram divulgados pelo Tesouro Nacional, que apresentou o Plano Anual de Financiamento (PAF) da d\u00edvida p\u00fablica em 2015. A DPF terminou 2014 em R$ 2,296 trilh\u00f5es. De acordo com o PAF, que apresenta metas [&hellip;]<\/p>\n","protected":false},"author":2,"featured_media":40734,"comment_status":"open","ping_status":"closed","sticky":false,"template":"","format":"standard","meta":{"_genesis_hide_title":false,"_genesis_hide_breadcrumbs":false,"_genesis_hide_singular_image":false,"_genesis_hide_footer_widgets":false,"_genesis_custom_body_class":"","_genesis_custom_post_class":"","_genesis_layout":"","_jetpack_memberships_contains_paid_content":false,"footnotes":""},"categories":[22,7],"tags":[],"class_list":{"0":"post-66255","1":"post","2":"type-post","3":"status-publish","4":"format-standard","5":"has-post-thumbnail","7":"category-brasil","8":"category-economia","9":"entry","10":"gs-1","11":"gs-odd","12":"gs-even","13":"gs-featured-content-entry"},"jetpack_featured_media_url":"https:\/\/www.redenoticia.com.br\/noticia\/imagens\/economia-resultados.jpg","jetpack_sharing_enabled":true,"jetpack_likes_enabled":true,"_links":{"self":[{"href":"https:\/\/www.redenoticia.com.br\/noticia\/wp-json\/wp\/v2\/posts\/66255","targetHints":{"allow":["GET"]}}],"collection":[{"href":"https:\/\/www.redenoticia.com.br\/noticia\/wp-json\/wp\/v2\/posts"}],"about":[{"href":"https:\/\/www.redenoticia.com.br\/noticia\/wp-json\/wp\/v2\/types\/post"}],"author":[{"embeddable":true,"href":"https:\/\/www.redenoticia.com.br\/noticia\/wp-json\/wp\/v2\/users\/2"}],"replies":[{"embeddable":true,"href":"https:\/\/www.redenoticia.com.br\/noticia\/wp-json\/wp\/v2\/comments?post=66255"}],"version-history":[{"count":0,"href":"https:\/\/www.redenoticia.com.br\/noticia\/wp-json\/wp\/v2\/posts\/66255\/revisions"}],"wp:featuredmedia":[{"embeddable":true,"href":"https:\/\/www.redenoticia.com.br\/noticia\/wp-json\/wp\/v2\/media\/40734"}],"wp:attachment":[{"href":"https:\/\/www.redenoticia.com.br\/noticia\/wp-json\/wp\/v2\/media?parent=66255"}],"wp:term":[{"taxonomy":"category","embeddable":true,"href":"https:\/\/www.redenoticia.com.br\/noticia\/wp-json\/wp\/v2\/categories?post=66255"},{"taxonomy":"post_tag","embeddable":true,"href":"https:\/\/www.redenoticia.com.br\/noticia\/wp-json\/wp\/v2\/tags?post=66255"}],"curies":[{"name":"wp","href":"https:\/\/api.w.org\/{rel}","templated":true}]}}