{"id":66253,"date":"2015-02-11T15:45:34","date_gmt":"2015-02-11T17:45:34","guid":{"rendered":"http:\/\/www.redenoticia.com.br\/noticia\/?p=66253"},"modified":"2015-02-11T15:45:34","modified_gmt":"2015-02-11T17:45:34","slug":"bancos-aumentam-taxas-do-cheque-especial-e-emprestimo-pessoal","status":"publish","type":"post","link":"https:\/\/www.redenoticia.com.br\/noticia\/2015\/bancos-aumentam-taxas-do-cheque-especial-e-emprestimo-pessoal\/66253","title":{"rendered":"Bancos aumentam taxas do cheque especial e empr\u00e9stimo pessoal"},"content":{"rendered":"<p> As taxas m\u00e9dias de <strong><em>juros do cheque especial<\/em><\/strong> e do empr\u00e9stimo pessoal subiram, de acordo com pesquisa feita pelo Procon do Estado de S\u00e3o Paulo, no dia 3 de fevereiro. Quatro dos sete bancos pesquisados aumentaram suas taxas de cheque especial e empr\u00e9stimo pessoal. As outras institui\u00e7\u00f5es financeiras mantiveram os \u00edndices do m\u00eas anterior.<\/p>\n<p>Segundo o levantamento, em rela\u00e7\u00e3o ao cheque especial, a taxa m\u00e9dia foi 10,50% ao m\u00eas, o que representa um acr\u00e9scimo de 0,13 ponto percentual em rela\u00e7\u00e3o ao registrado na pesquisa anterior, que ficou em 10,37% ao m\u00eas.<\/p>\n<p> A maior alta foi apurada na Caixa Econ\u00f4mica Federal, que subiu de 7,64% para 8,19% ao m\u00eas, varia\u00e7\u00e3o de 7,20% em rela\u00e7\u00e3o ao m\u00eas de janeiro. O Banco Safra registrou alta de 2,63%; o Banco do Brasil, de  0,44%; e o Bradesco, de 0,38%.<\/p>\n<p>Em rela\u00e7\u00e3o ao empr\u00e9stimo pessoal, a taxa m\u00e9dia foi 6,01% ao m\u00eas nos bancos pesquisados, com acr\u00e9scimo de 0,16 ponto percentual em rela\u00e7\u00e3o ao \u00edndice de janeiro (5,85% ao m\u00eas).<\/p>\n<p>A maior alta foi constatada no HSBC, que alterou a taxa de 6,39% para 7,30% ao m\u00eas, o que representa uma varia\u00e7\u00e3o de 14,24% em rela\u00e7\u00e3o ao percentual de janeiro. A Caixa Econ\u00f4mica Federal registrou aumento de 3,32%, o Banco do Brasil teve varia\u00e7\u00e3o de 0,79% e o Bradesco, de 0,62%.<\/p>\n<p>Da Ag\u00eancia Brasil<br \/>\nEdi\u00e7\u00e3o: Val\u00e9ria Aguiar<\/p>\n","protected":false},"excerpt":{"rendered":"<p>As taxas m\u00e9dias de juros do cheque especial e do empr\u00e9stimo pessoal subiram, de acordo com pesquisa feita pelo Procon do Estado de S\u00e3o Paulo, no dia 3 de fevereiro. Quatro dos sete bancos pesquisados aumentaram suas taxas de cheque especial e empr\u00e9stimo pessoal. As outras institui\u00e7\u00f5es financeiras mantiveram os \u00edndices do m\u00eas anterior. Segundo [&hellip;]<\/p>\n","protected":false},"author":2,"featured_media":40517,"comment_status":"open","ping_status":"closed","sticky":false,"template":"","format":"standard","meta":{"_genesis_hide_title":false,"_genesis_hide_breadcrumbs":false,"_genesis_hide_singular_image":false,"_genesis_hide_footer_widgets":false,"_genesis_custom_body_class":"","_genesis_custom_post_class":"","_genesis_layout":"","_jetpack_memberships_contains_paid_content":false,"footnotes":""},"categories":[22,7],"tags":[],"class_list":{"0":"post-66253","1":"post","2":"type-post","3":"status-publish","4":"format-standard","5":"has-post-thumbnail","7":"category-brasil","8":"category-economia","9":"entry","10":"gs-1","11":"gs-odd","12":"gs-even","13":"gs-featured-content-entry"},"jetpack_featured_media_url":"https:\/\/www.redenoticia.com.br\/noticia\/imagens\/economia-previsao.jpg","jetpack_sharing_enabled":true,"jetpack_likes_enabled":true,"_links":{"self":[{"href":"https:\/\/www.redenoticia.com.br\/noticia\/wp-json\/wp\/v2\/posts\/66253","targetHints":{"allow":["GET"]}}],"collection":[{"href":"https:\/\/www.redenoticia.com.br\/noticia\/wp-json\/wp\/v2\/posts"}],"about":[{"href":"https:\/\/www.redenoticia.com.br\/noticia\/wp-json\/wp\/v2\/types\/post"}],"author":[{"embeddable":true,"href":"https:\/\/www.redenoticia.com.br\/noticia\/wp-json\/wp\/v2\/users\/2"}],"replies":[{"embeddable":true,"href":"https:\/\/www.redenoticia.com.br\/noticia\/wp-json\/wp\/v2\/comments?post=66253"}],"version-history":[{"count":0,"href":"https:\/\/www.redenoticia.com.br\/noticia\/wp-json\/wp\/v2\/posts\/66253\/revisions"}],"wp:featuredmedia":[{"embeddable":true,"href":"https:\/\/www.redenoticia.com.br\/noticia\/wp-json\/wp\/v2\/media\/40517"}],"wp:attachment":[{"href":"https:\/\/www.redenoticia.com.br\/noticia\/wp-json\/wp\/v2\/media?parent=66253"}],"wp:term":[{"taxonomy":"category","embeddable":true,"href":"https:\/\/www.redenoticia.com.br\/noticia\/wp-json\/wp\/v2\/categories?post=66253"},{"taxonomy":"post_tag","embeddable":true,"href":"https:\/\/www.redenoticia.com.br\/noticia\/wp-json\/wp\/v2\/tags?post=66253"}],"curies":[{"name":"wp","href":"https:\/\/api.w.org\/{rel}","templated":true}]}}