{"id":66213,"date":"2015-02-10T15:11:57","date_gmt":"2015-02-10T17:11:57","guid":{"rendered":"http:\/\/www.redenoticia.com.br\/noticia\/?p=66213"},"modified":"2015-02-10T15:11:57","modified_gmt":"2015-02-10T17:11:57","slug":"numero-de-devedores-cresce-312-em-um-ano","status":"publish","type":"post","link":"https:\/\/www.redenoticia.com.br\/noticia\/2015\/numero-de-devedores-cresce-312-em-um-ano\/66213","title":{"rendered":"N\u00famero de devedores cresce 3,12% em um ano"},"content":{"rendered":"<p> O n\u00famero de <strong><em>consumidores com d\u00e9bitos em atraso<\/em><\/strong> cresceu 3,12% em janeiro deste ano, em compara\u00e7\u00e3o com igual m\u00eas do ano passado, na menor varia\u00e7\u00e3o anual para meses de janeiro desde 2010, quando a pesquisa come\u00e7ou. Com rela\u00e7\u00e3o a dezembro, houve alta de 0,15%, segundo o Servi\u00e7o de Prote\u00e7\u00e3o ao Cr\u00e9dito (SPC Brasil) e a Confedera\u00e7\u00e3o Nacional dos Dirigentes Lojistas (CNDL), que divulgaram os dados hoje (10),<\/p>\n<p>Atualmente, existem cerca de 54,6 milh\u00f5es de consumidores inscritos em servi\u00e7os de prote\u00e7\u00e3o ao cr\u00e9dito no pa\u00eds. A maior parte dos devedores em atraso em janeiro de 2015 (26,87%) eram pessoas com idade entre 30 e 39 anos. Em seguida, vieram os devedores que tinham de 40 a 49 anos, que representavam 19,38% do total em janeiro; os que tinham de 50 a 64 anos (17,03%); os que estavam ma faixa de 25 a 29 anos (13,9%) e os de 18 a 24 anos (9,97%).<\/p>\n<p>Quanto ao n\u00famero de d\u00edvidas, houve alta de 2,4% em janeiro passado, na compara\u00e7\u00e3o com o mesmo m\u00eas de 2014. A m\u00e9dia de d\u00edvidas para cada consumidor inadimplente ficou em 2,074. Os segmentos que mais registraram aumento no volume de d\u00edvidas dos consumidores foram as empresas de comunica\u00e7\u00e3o, que prestam servi\u00e7os de telefonia, TV a cabo e internet (alta de 9,84%) e as concession\u00e1rias de \u00e1gua e luz (8,35%). No segmento do com\u00e9rcio, houve retra\u00e7\u00e3o de 0,54% no n\u00famero de d\u00edvidas.<\/p>\n<p>Para economistas do SPC Brasil, \u201co ritmo de desacelera\u00e7\u00e3o da inadimpl\u00eancia, observado desde junho de 2014, n\u00e3o encontra como explica\u00e7\u00e3o principal uma conjuntura econ\u00f4mica positiva, mas um contexto de fraca atividade econ\u00f4mica combinada com a freada na tomada de empr\u00e9stimos\u201d.<\/p>\n<p>Mariana Branco &#8211; Rep\u00f3rter da Ag\u00eancia Brasil<br \/>\nEdi\u00e7\u00e3o: Jorge Wamburg<\/p>\n","protected":false},"excerpt":{"rendered":"<p>O n\u00famero de consumidores com d\u00e9bitos em atraso cresceu 3,12% em janeiro deste ano, em compara\u00e7\u00e3o com igual m\u00eas do ano passado, na menor varia\u00e7\u00e3o anual para meses de janeiro desde 2010, quando a pesquisa come\u00e7ou. Com rela\u00e7\u00e3o a dezembro, houve alta de 0,15%, segundo o Servi\u00e7o de Prote\u00e7\u00e3o ao Cr\u00e9dito (SPC Brasil) e a [&hellip;]<\/p>\n","protected":false},"author":2,"featured_media":38940,"comment_status":"open","ping_status":"closed","sticky":false,"template":"","format":"standard","meta":{"_genesis_hide_title":false,"_genesis_hide_breadcrumbs":false,"_genesis_hide_singular_image":false,"_genesis_hide_footer_widgets":false,"_genesis_custom_body_class":"","_genesis_custom_post_class":"","_genesis_layout":"","_jetpack_memberships_contains_paid_content":false,"footnotes":""},"categories":[22,7],"tags":[],"class_list":{"0":"post-66213","1":"post","2":"type-post","3":"status-publish","4":"format-standard","5":"has-post-thumbnail","7":"category-brasil","8":"category-economia","9":"entry","10":"gs-1","11":"gs-odd","12":"gs-even","13":"gs-featured-content-entry"},"jetpack_featured_media_url":"https:\/\/www.redenoticia.com.br\/noticia\/imagens\/grafico.jpg","jetpack_sharing_enabled":true,"jetpack_likes_enabled":true,"_links":{"self":[{"href":"https:\/\/www.redenoticia.com.br\/noticia\/wp-json\/wp\/v2\/posts\/66213","targetHints":{"allow":["GET"]}}],"collection":[{"href":"https:\/\/www.redenoticia.com.br\/noticia\/wp-json\/wp\/v2\/posts"}],"about":[{"href":"https:\/\/www.redenoticia.com.br\/noticia\/wp-json\/wp\/v2\/types\/post"}],"author":[{"embeddable":true,"href":"https:\/\/www.redenoticia.com.br\/noticia\/wp-json\/wp\/v2\/users\/2"}],"replies":[{"embeddable":true,"href":"https:\/\/www.redenoticia.com.br\/noticia\/wp-json\/wp\/v2\/comments?post=66213"}],"version-history":[{"count":0,"href":"https:\/\/www.redenoticia.com.br\/noticia\/wp-json\/wp\/v2\/posts\/66213\/revisions"}],"wp:featuredmedia":[{"embeddable":true,"href":"https:\/\/www.redenoticia.com.br\/noticia\/wp-json\/wp\/v2\/media\/38940"}],"wp:attachment":[{"href":"https:\/\/www.redenoticia.com.br\/noticia\/wp-json\/wp\/v2\/media?parent=66213"}],"wp:term":[{"taxonomy":"category","embeddable":true,"href":"https:\/\/www.redenoticia.com.br\/noticia\/wp-json\/wp\/v2\/categories?post=66213"},{"taxonomy":"post_tag","embeddable":true,"href":"https:\/\/www.redenoticia.com.br\/noticia\/wp-json\/wp\/v2\/tags?post=66213"}],"curies":[{"name":"wp","href":"https:\/\/api.w.org\/{rel}","templated":true}]}}