{"id":66211,"date":"2015-02-10T15:09:06","date_gmt":"2015-02-10T17:09:06","guid":{"rendered":"http:\/\/www.redenoticia.com.br\/noticia\/?p=66211"},"modified":"2015-02-10T15:09:06","modified_gmt":"2015-02-10T17:09:06","slug":"balanca-comercial-tem-deficit-de-us-25-milhoes-na-primeira-semana-de-fevereiro","status":"publish","type":"post","link":"https:\/\/www.redenoticia.com.br\/noticia\/2015\/balanca-comercial-tem-deficit-de-us-25-milhoes-na-primeira-semana-de-fevereiro\/66211","title":{"rendered":"Balan\u00e7a comercial tem d\u00e9ficit de US$ 25 milh\u00f5es na primeira semana de fevereiro"},"content":{"rendered":"<p> A <strong><em>balan\u00e7a comercial<\/em><\/strong> \u2013 diferen\u00e7a entre exporta\u00e7\u00f5es e importa\u00e7\u00f5es \u2013 iniciou fevereiro com d\u00e9ficit de US$ 25 milh\u00f5es, informou, h\u00e1 pouco, o Minist\u00e9rio do Desenvolvimento, Ind\u00fastria e Com\u00e9rcio Exterior. Na semana passada, o pa\u00eds exportou US$ 3,678 bilh\u00f5es e importou US$ 3,703 bilh\u00f5es.<\/p>\n<p>O resultado elevou para US$ 3,199 bilh\u00f5es o d\u00e9ficit acumulado em 2015. Apesar desse desempenho, o d\u00e9ficit da balan\u00e7a comercial caiu 44,6% em rela\u00e7\u00e3o ao mesmo per\u00edodo do ano passado. Em 2014, o indicador registrava resultado negativo de US$ 5,771 bilh\u00f5es at\u00e9 a primeira semana de fevereiro.<\/p>\n<p>O d\u00e9ficit da balan\u00e7a comercial est\u00e1 caindo porque as importa\u00e7\u00f5es est\u00e3o recuando mais do que as exporta\u00e7\u00f5es. No ano, as importa\u00e7\u00f5es somam US$ 20,781 bilh\u00f5es, com recuo de 14,7% pela m\u00e9dia di\u00e1ria. As vendas externas somam US$ 17,382 bilh\u00f5es, com retra\u00e7\u00e3o de 6,4% tamb\u00e9m pela m\u00e9dia di\u00e1ria.<\/p>\n<p>Na compara\u00e7\u00e3o entre fevereiro de 2015 e fevereiro de 2014, os produtos b\u00e1sicos lideram o recuo das exporta\u00e7\u00f5es, com retra\u00e7\u00e3o de 9%, motivada principalmente pela queda no pre\u00e7o das commodities \u2013 bens agr\u00edcolas e minerais com cota\u00e7\u00e3o internacional. A queda \u00e9 puxada por soja (em gr\u00e3o e farelo), carne bovina, carne su\u00edna e min\u00e9rio de ferro.<\/p>\n<p>Os produtos manufaturados t\u00eam queda de 7,6% nas exporta\u00e7\u00f5es na mesma compara\u00e7\u00e3o. O desempenho negativo \u00e9 motivado principalmente por \u00f3leos combust\u00edveis, pol\u00edmeros pl\u00e1sticos, m\u00e1quinas de terraplanagem, motores e geradores. A \u00fanica categoria em que houve crescimento das vendas externas foi a dos semimanufaturados, com expans\u00e3o de 0,6%, motivado principalmente por \u00f3leo de soja em bruto, catodos de cobre e ouro em forma semimanufaturada.<\/p>\n<p>Em rela\u00e7\u00e3o \u00e0s importa\u00e7\u00f5es, a queda entre fevereiro de 2015 e fevereiro do ano passado concentra-se nos seguintes produtos: combust\u00edveis e lubrificantes (-40,8%), borracha e obras (-26,2%), ve\u00edculos autom\u00f3veis e partes (-20,0%).<\/p>\n<p>Wellton M\u00e1ximo \u2013 Rep\u00f3rter da Ag\u00eancia Brasil<br \/>\nEdi\u00e7\u00e3o: Jos\u00e9 Romildo<\/p>\n","protected":false},"excerpt":{"rendered":"<p>A balan\u00e7a comercial \u2013 diferen\u00e7a entre exporta\u00e7\u00f5es e importa\u00e7\u00f5es \u2013 iniciou fevereiro com d\u00e9ficit de US$ 25 milh\u00f5es, informou, h\u00e1 pouco, o Minist\u00e9rio do Desenvolvimento, Ind\u00fastria e Com\u00e9rcio Exterior. Na semana passada, o pa\u00eds exportou US$ 3,678 bilh\u00f5es e importou US$ 3,703 bilh\u00f5es. O resultado elevou para US$ 3,199 bilh\u00f5es o d\u00e9ficit acumulado em 2015. [&hellip;]<\/p>\n","protected":false},"author":2,"featured_media":40734,"comment_status":"open","ping_status":"closed","sticky":false,"template":"","format":"standard","meta":{"_genesis_hide_title":false,"_genesis_hide_breadcrumbs":false,"_genesis_hide_singular_image":false,"_genesis_hide_footer_widgets":false,"_genesis_custom_body_class":"","_genesis_custom_post_class":"","_genesis_layout":"","_jetpack_memberships_contains_paid_content":false,"footnotes":""},"categories":[22,7],"tags":[],"class_list":{"0":"post-66211","1":"post","2":"type-post","3":"status-publish","4":"format-standard","5":"has-post-thumbnail","7":"category-brasil","8":"category-economia","9":"entry","10":"gs-1","11":"gs-odd","12":"gs-even","13":"gs-featured-content-entry"},"jetpack_featured_media_url":"https:\/\/www.redenoticia.com.br\/noticia\/imagens\/economia-resultados.jpg","jetpack_sharing_enabled":true,"jetpack_likes_enabled":true,"_links":{"self":[{"href":"https:\/\/www.redenoticia.com.br\/noticia\/wp-json\/wp\/v2\/posts\/66211","targetHints":{"allow":["GET"]}}],"collection":[{"href":"https:\/\/www.redenoticia.com.br\/noticia\/wp-json\/wp\/v2\/posts"}],"about":[{"href":"https:\/\/www.redenoticia.com.br\/noticia\/wp-json\/wp\/v2\/types\/post"}],"author":[{"embeddable":true,"href":"https:\/\/www.redenoticia.com.br\/noticia\/wp-json\/wp\/v2\/users\/2"}],"replies":[{"embeddable":true,"href":"https:\/\/www.redenoticia.com.br\/noticia\/wp-json\/wp\/v2\/comments?post=66211"}],"version-history":[{"count":0,"href":"https:\/\/www.redenoticia.com.br\/noticia\/wp-json\/wp\/v2\/posts\/66211\/revisions"}],"wp:featuredmedia":[{"embeddable":true,"href":"https:\/\/www.redenoticia.com.br\/noticia\/wp-json\/wp\/v2\/media\/40734"}],"wp:attachment":[{"href":"https:\/\/www.redenoticia.com.br\/noticia\/wp-json\/wp\/v2\/media?parent=66211"}],"wp:term":[{"taxonomy":"category","embeddable":true,"href":"https:\/\/www.redenoticia.com.br\/noticia\/wp-json\/wp\/v2\/categories?post=66211"},{"taxonomy":"post_tag","embeddable":true,"href":"https:\/\/www.redenoticia.com.br\/noticia\/wp-json\/wp\/v2\/tags?post=66211"}],"curies":[{"name":"wp","href":"https:\/\/api.w.org\/{rel}","templated":true}]}}