{"id":66209,"date":"2015-02-10T15:01:01","date_gmt":"2015-02-10T17:01:01","guid":{"rendered":"http:\/\/www.redenoticia.com.br\/noticia\/?p=66209"},"modified":"2015-02-10T15:01:01","modified_gmt":"2015-02-10T17:01:01","slug":"ipc-registra-alta-de-178-na-primeira-previa-de-fevereiro-em-sao-paulo","status":"publish","type":"post","link":"https:\/\/www.redenoticia.com.br\/noticia\/2015\/ipc-registra-alta-de-178-na-primeira-previa-de-fevereiro-em-sao-paulo\/66209","title":{"rendered":"IPC registra alta de 1,78% na primeira pr\u00e9via de fevereiro, em S\u00e3o Paulo"},"content":{"rendered":"<p> O <strong><em>\u00cdndice de Pre\u00e7os ao Consumidor<\/em><\/strong> (IPC), medido pela Funda\u00e7\u00e3o Instituto de Pesquisas Econ\u00f4micas (Fipe), na capital paulista, encerrou a primeira pr\u00e9via de fevereiro em alta de 1,78% \u2013 acima da varia\u00e7\u00e3o apurada no fechamento de janeiro (1,62%). Essa eleva\u00e7\u00e3o reflete, principalmente, o aumento de pre\u00e7os no grupo transporte, de 4,15% para 5,1%.<\/p>\n<p> A pesquisa da Fipe \u00e9 feita com base na varia\u00e7\u00e3o de pre\u00e7os dos produtos consumidos pelas fam\u00edlias com renda entre um e dez sal\u00e1rios m\u00ednimos. Esse \u00faltimo levantamento refere-se ao per\u00edodo entre 8 de janeiro a 7 de fevereiro de 2015 comparado ao per\u00edodo de 8 de dezembro do ano passado a 7 de janeiro.<\/p>\n<p>Al\u00e9m da forte influ\u00eancia dos transportes, o \u00edndice foi pressionado pelo grupo alimenta\u00e7\u00e3o, embora a corre\u00e7\u00e3o de pre\u00e7os esteja perdendo for\u00e7a. Na m\u00e9dia os pre\u00e7os dos alimentos subiram 1,18% ante uma alta de 1,57%. Na educa\u00e7\u00e3o, a taxa foi 5,72%, indicando uma corre\u00e7\u00e3o mais lenta.<\/p>\n<p>No grupo despesas pessoais, constatou-se varia\u00e7\u00e3o de 0,97%, ligeiramente inferior ao aumento ocorrido no fechamento de janeiro, de 1,16%. J\u00e1 em habita\u00e7\u00e3o, foi verificado acr\u00e9scimo em ritmo mais veloz do que na pesquisa anterior, passando de 0,41% para 0,84%.<\/p>\n<p>Os gastos com sa\u00fade tamb\u00e9m registraram alta mais intensa com varia\u00e7\u00e3o de 0,67% ante 0,48%, na primeira pr\u00e9via de fevereiro. No grupo vestu\u00e1rio, foi mantida a queda com 0,23% ante 0,21%.<\/p>\n<p>Marli Moreira &#8211; Rep\u00f3rter da Ag\u00eancia Brasil<br \/>\nEdi\u00e7\u00e3o: Marcos Chagas<\/p>\n","protected":false},"excerpt":{"rendered":"<p>O \u00cdndice de Pre\u00e7os ao Consumidor (IPC), medido pela Funda\u00e7\u00e3o Instituto de Pesquisas Econ\u00f4micas (Fipe), na capital paulista, encerrou a primeira pr\u00e9via de fevereiro em alta de 1,78% \u2013 acima da varia\u00e7\u00e3o apurada no fechamento de janeiro (1,62%). Essa eleva\u00e7\u00e3o reflete, principalmente, o aumento de pre\u00e7os no grupo transporte, de 4,15% para 5,1%. A pesquisa [&hellip;]<\/p>\n","protected":false},"author":2,"featured_media":57585,"comment_status":"open","ping_status":"closed","sticky":false,"template":"","format":"standard","meta":{"_genesis_hide_title":false,"_genesis_hide_breadcrumbs":false,"_genesis_hide_singular_image":false,"_genesis_hide_footer_widgets":false,"_genesis_custom_body_class":"","_genesis_custom_post_class":"","_genesis_layout":"","_jetpack_memberships_contains_paid_content":false,"footnotes":""},"categories":[22,7],"tags":[],"class_list":{"0":"post-66209","1":"post","2":"type-post","3":"status-publish","4":"format-standard","5":"has-post-thumbnail","7":"category-brasil","8":"category-economia","9":"entry","10":"gs-1","11":"gs-odd","12":"gs-even","13":"gs-featured-content-entry"},"jetpack_featured_media_url":"https:\/\/www.redenoticia.com.br\/noticia\/imagens\/analise-economia.jpg","jetpack_sharing_enabled":true,"jetpack_likes_enabled":true,"_links":{"self":[{"href":"https:\/\/www.redenoticia.com.br\/noticia\/wp-json\/wp\/v2\/posts\/66209","targetHints":{"allow":["GET"]}}],"collection":[{"href":"https:\/\/www.redenoticia.com.br\/noticia\/wp-json\/wp\/v2\/posts"}],"about":[{"href":"https:\/\/www.redenoticia.com.br\/noticia\/wp-json\/wp\/v2\/types\/post"}],"author":[{"embeddable":true,"href":"https:\/\/www.redenoticia.com.br\/noticia\/wp-json\/wp\/v2\/users\/2"}],"replies":[{"embeddable":true,"href":"https:\/\/www.redenoticia.com.br\/noticia\/wp-json\/wp\/v2\/comments?post=66209"}],"version-history":[{"count":0,"href":"https:\/\/www.redenoticia.com.br\/noticia\/wp-json\/wp\/v2\/posts\/66209\/revisions"}],"wp:featuredmedia":[{"embeddable":true,"href":"https:\/\/www.redenoticia.com.br\/noticia\/wp-json\/wp\/v2\/media\/57585"}],"wp:attachment":[{"href":"https:\/\/www.redenoticia.com.br\/noticia\/wp-json\/wp\/v2\/media?parent=66209"}],"wp:term":[{"taxonomy":"category","embeddable":true,"href":"https:\/\/www.redenoticia.com.br\/noticia\/wp-json\/wp\/v2\/categories?post=66209"},{"taxonomy":"post_tag","embeddable":true,"href":"https:\/\/www.redenoticia.com.br\/noticia\/wp-json\/wp\/v2\/tags?post=66209"}],"curies":[{"name":"wp","href":"https:\/\/api.w.org\/{rel}","templated":true}]}}