{"id":66207,"date":"2015-02-10T14:54:37","date_gmt":"2015-02-10T16:54:37","guid":{"rendered":"http:\/\/www.redenoticia.com.br\/noticia\/?p=66207"},"modified":"2015-02-10T14:54:37","modified_gmt":"2015-02-10T16:54:37","slug":"igp-m-varia-009-nos-primeiros-dez-dias-de-fevereiro","status":"publish","type":"post","link":"https:\/\/www.redenoticia.com.br\/noticia\/2015\/igp-m-varia-009-nos-primeiros-dez-dias-de-fevereiro\/66207","title":{"rendered":"IGP-M varia 0,09% nos primeiros dez dias de fevereiro"},"content":{"rendered":"<p> O \u00cdndice Geral de Pre\u00e7os &#8211; Mercado (<strong><em>IGP-M<\/em><\/strong>) registrou varia\u00e7\u00e3o de 0,09%, na apura\u00e7\u00e3o referente ao primeiro dec\u00eandio (10 dias) de fevereiro. No mesmo per\u00edodo de apura\u00e7\u00e3o do m\u00eas anterior, a varia\u00e7\u00e3o foi 0,29%, o que significa um recuo 0,20 ponto percentual em rela\u00e7\u00e3o \u00e0 primeira pr\u00e9via de janeiro. A apura\u00e7\u00e3o referente ao primeiro dec\u00eandio do IGP-M de fevereiro compreendeu o intervalo entre os dias 21 e 31 do m\u00eas de janeiro. O IGP-M\/FGV \u00e9 calculado mensalmente pela FGV e \u00e9 divulgado no final de cada m\u00eas de refer\u00eancia.<\/p>\n<p>O \u00cdndice de Pre\u00e7os ao Produtor Amplo (IPA) registrou varia\u00e7\u00e3o de -0,34% no primeiro dec\u00eandio de fevereiro. No mesmo per\u00edodo do m\u00eas de janeiro, o \u00edndice variou 0,23%. A taxa de varia\u00e7\u00e3o do \u00edndice referente a bens finais passou de 1,11% para 0,80%. Contribuiu para esse movimento o subgrupo alimentos in natura, cuja taxa passou de 9,80% para 1,94%. O \u00edndice correspondente aos bens intermedi\u00e1rios variou -0,20%, em compara\u00e7\u00e3o a 0,28%, no m\u00eas anterior. A principal contribui\u00e7\u00e3o para o recuo partiu do subgrupo materiais e componentes para a manufatura, que passou de 0,07% para -0,58%.<\/p>\n<p>O \u00edndice referente a mat\u00e9rias-primas brutas registrou varia\u00e7\u00e3o de -1,92%. No m\u00eas anterior, a taxa foi -0,89%. Entre os itens com taxas em trajet\u00f3ria decrescente, destacam-se: soja em gr\u00e3o (de 1,05% para -7,99%), su\u00ednos (de 0,80% para -7,95%) e milho em gr\u00e3o (de -0,47% para -2,29%). Em sentido oposto, h\u00e1: leite in natura (de -2,63% para 3,92%), mandioca (de 3,34% para 9,38%) e min\u00e9rio de ferro (de -5,85% para -4,99%).<\/p>\n<p>O \u00cdndice de Pre\u00e7os ao Consumidor (IPC) apresentou taxa de varia\u00e7\u00e3o de 0,97% na primeira pr\u00e9via de fevereiro. No mesmo per\u00edodo do m\u00eas anterior, a taxa foi 0,52%. Seis das oito classes de despesa componentes do \u00edndice apresentaram acr\u00e9scimo em suas taxas de varia\u00e7\u00e3o. A maior contribui\u00e7\u00e3o partiu do grupo transportes (de 0,22% para 1,92%). Nessa classe de despesa, vale mencionar o comportamento do item tarifa de \u00f4nibus urbano, cuja taxa passou de -0,29% para 5,1.<\/p>\n<p>Nielmar de Oliveira &#8211; Rep\u00f3rter da Ag\u00eancia Brasil<br \/>\nEdi\u00e7\u00e3o: Jos\u00e9 Romildo<\/p>\n","protected":false},"excerpt":{"rendered":"<p>O \u00cdndice Geral de Pre\u00e7os &#8211; Mercado (IGP-M) registrou varia\u00e7\u00e3o de 0,09%, na apura\u00e7\u00e3o referente ao primeiro dec\u00eandio (10 dias) de fevereiro. No mesmo per\u00edodo de apura\u00e7\u00e3o do m\u00eas anterior, a varia\u00e7\u00e3o foi 0,29%, o que significa um recuo 0,20 ponto percentual em rela\u00e7\u00e3o \u00e0 primeira pr\u00e9via de janeiro. A apura\u00e7\u00e3o referente ao primeiro dec\u00eandio [&hellip;]<\/p>\n","protected":false},"author":2,"featured_media":57583,"comment_status":"open","ping_status":"closed","sticky":false,"template":"","format":"standard","meta":{"_genesis_hide_title":false,"_genesis_hide_breadcrumbs":false,"_genesis_hide_singular_image":false,"_genesis_hide_footer_widgets":false,"_genesis_custom_body_class":"","_genesis_custom_post_class":"","_genesis_layout":"","_jetpack_memberships_contains_paid_content":false,"footnotes":""},"categories":[22,7],"tags":[],"class_list":{"0":"post-66207","1":"post","2":"type-post","3":"status-publish","4":"format-standard","5":"has-post-thumbnail","7":"category-brasil","8":"category-economia","9":"entry","10":"gs-1","11":"gs-odd","12":"gs-even","13":"gs-featured-content-entry"},"jetpack_featured_media_url":"https:\/\/www.redenoticia.com.br\/noticia\/imagens\/economia-grafico.jpg","jetpack_sharing_enabled":true,"jetpack_likes_enabled":true,"_links":{"self":[{"href":"https:\/\/www.redenoticia.com.br\/noticia\/wp-json\/wp\/v2\/posts\/66207","targetHints":{"allow":["GET"]}}],"collection":[{"href":"https:\/\/www.redenoticia.com.br\/noticia\/wp-json\/wp\/v2\/posts"}],"about":[{"href":"https:\/\/www.redenoticia.com.br\/noticia\/wp-json\/wp\/v2\/types\/post"}],"author":[{"embeddable":true,"href":"https:\/\/www.redenoticia.com.br\/noticia\/wp-json\/wp\/v2\/users\/2"}],"replies":[{"embeddable":true,"href":"https:\/\/www.redenoticia.com.br\/noticia\/wp-json\/wp\/v2\/comments?post=66207"}],"version-history":[{"count":0,"href":"https:\/\/www.redenoticia.com.br\/noticia\/wp-json\/wp\/v2\/posts\/66207\/revisions"}],"wp:featuredmedia":[{"embeddable":true,"href":"https:\/\/www.redenoticia.com.br\/noticia\/wp-json\/wp\/v2\/media\/57583"}],"wp:attachment":[{"href":"https:\/\/www.redenoticia.com.br\/noticia\/wp-json\/wp\/v2\/media?parent=66207"}],"wp:term":[{"taxonomy":"category","embeddable":true,"href":"https:\/\/www.redenoticia.com.br\/noticia\/wp-json\/wp\/v2\/categories?post=66207"},{"taxonomy":"post_tag","embeddable":true,"href":"https:\/\/www.redenoticia.com.br\/noticia\/wp-json\/wp\/v2\/tags?post=66207"}],"curies":[{"name":"wp","href":"https:\/\/api.w.org\/{rel}","templated":true}]}}