{"id":66156,"date":"2015-02-09T14:48:04","date_gmt":"2015-02-09T16:48:04","guid":{"rendered":"http:\/\/www.redenoticia.com.br\/noticia\/?p=66156"},"modified":"2015-02-09T14:48:04","modified_gmt":"2015-02-09T16:48:04","slug":"mercado-financeiro-preve-inflacao-de-715-para-2015","status":"publish","type":"post","link":"https:\/\/www.redenoticia.com.br\/noticia\/2015\/mercado-financeiro-preve-inflacao-de-715-para-2015\/66156","title":{"rendered":"Mercado financeiro prev\u00ea infla\u00e7\u00e3o de 7,15% para 2015"},"content":{"rendered":"<p> O mercado financeiro voltou a elevar a previs\u00e3o de <strong><em>infla\u00e7\u00e3o<\/em><\/strong> medida pelo \u00cdndice de Pre\u00e7os ao Consumidor Amplo (IPCA) para 2015, de 7,01% para 7,15%. Para 2016, a expectativa \u00e9 que a infla\u00e7\u00e3o feche em 5,6%. Analistas estimam ainda que o pa\u00eds ter\u00e1 crescimento 0 do Produto Interno Bruto (PIB, a soma dos bens e riquezas produzidos em um pa\u00eds) este ano. As proje\u00e7\u00f5es est\u00e3o no boletim Focus, divulgado pelo Banco Central (BC).<\/p>\n<p>A previs\u00e3o para o fechamento, em 2015, dos pre\u00e7os administrados \u2013 que s\u00e3o os regulados pelo governo, como gasolina e energia \u2013 tamb\u00e9m piorou, subindo de 9% para 9,48%. A proje\u00e7\u00e3o da taxa de c\u00e2mbio foi mantida em R$ 2,80 para o fim deste ano. <\/p>\n<p>Com rela\u00e7\u00e3o \u00e0 Selic, taxa b\u00e1sica de juros da economia, o Focus manteve a proje\u00e7\u00e3o de que ela encerrar\u00e1 o ano em 12,5% ao ano. Atualmente, a Selic est\u00e1 em 12,25% ao ano, patamar atingido ap\u00f3s o Comit\u00ea de Pol\u00edtica Monet\u00e1ria do BC anunciar a decis\u00e3o de elev\u00e1-la em 0,5 ponto percentual, no \u00faltimo dia 21 de janeiro. <\/p>\n<p>A d\u00edvida l\u00edquida do setor p\u00fablico foi estimada em 37,2% do PIB. No setor externo, o d\u00e9ficit em conta-corrente, o indicador que mede o desequil\u00edbrio das contas externas, foi mantido em US$ 78 bilh\u00f5es. O saldo estimado para a balan\u00e7a comercial segue em US$ 5 bilh\u00f5es.<\/p>\n<p>Os investimentos estrangeiros diretos previstos dever\u00e3o permanecer em US$ 60 bilh\u00f5es. Por fim, a previs\u00e3o de crescimento da produ\u00e7\u00e3o industrial recuou de 0,5%, na semana passada, para 0,44%. O Focus \u00e9 uma pesquisa semanal do Banco Central. As estimativas divulgadas hoje s\u00e3o avalia\u00e7\u00f5es feitas por institui\u00e7\u00f5es financeiras na semana passada.<\/p>\n<p>Mariana Branco &#8211; Rep\u00f3rter da Ag\u00eancia Brasil<br \/>\nEdi\u00e7\u00e3o: Jos\u00e9 Romildo<\/p>\n","protected":false},"excerpt":{"rendered":"<p>O mercado financeiro voltou a elevar a previs\u00e3o de infla\u00e7\u00e3o medida pelo \u00cdndice de Pre\u00e7os ao Consumidor Amplo (IPCA) para 2015, de 7,01% para 7,15%. Para 2016, a expectativa \u00e9 que a infla\u00e7\u00e3o feche em 5,6%. Analistas estimam ainda que o pa\u00eds ter\u00e1 crescimento 0 do Produto Interno Bruto (PIB, a soma dos bens e [&hellip;]<\/p>\n","protected":false},"author":2,"featured_media":57584,"comment_status":"open","ping_status":"closed","sticky":false,"template":"","format":"standard","meta":{"_genesis_hide_title":false,"_genesis_hide_breadcrumbs":false,"_genesis_hide_singular_image":false,"_genesis_hide_footer_widgets":false,"_genesis_custom_body_class":"","_genesis_custom_post_class":"","_genesis_layout":"","_jetpack_memberships_contains_paid_content":false,"footnotes":""},"categories":[22,7],"tags":[],"class_list":{"0":"post-66156","1":"post","2":"type-post","3":"status-publish","4":"format-standard","5":"has-post-thumbnail","7":"category-brasil","8":"category-economia","9":"entry","10":"gs-1","11":"gs-odd","12":"gs-even","13":"gs-featured-content-entry"},"jetpack_featured_media_url":"https:\/\/www.redenoticia.com.br\/noticia\/imagens\/economia-grafica-analise-inflacao.jpg","jetpack_sharing_enabled":true,"jetpack_likes_enabled":true,"_links":{"self":[{"href":"https:\/\/www.redenoticia.com.br\/noticia\/wp-json\/wp\/v2\/posts\/66156","targetHints":{"allow":["GET"]}}],"collection":[{"href":"https:\/\/www.redenoticia.com.br\/noticia\/wp-json\/wp\/v2\/posts"}],"about":[{"href":"https:\/\/www.redenoticia.com.br\/noticia\/wp-json\/wp\/v2\/types\/post"}],"author":[{"embeddable":true,"href":"https:\/\/www.redenoticia.com.br\/noticia\/wp-json\/wp\/v2\/users\/2"}],"replies":[{"embeddable":true,"href":"https:\/\/www.redenoticia.com.br\/noticia\/wp-json\/wp\/v2\/comments?post=66156"}],"version-history":[{"count":0,"href":"https:\/\/www.redenoticia.com.br\/noticia\/wp-json\/wp\/v2\/posts\/66156\/revisions"}],"wp:featuredmedia":[{"embeddable":true,"href":"https:\/\/www.redenoticia.com.br\/noticia\/wp-json\/wp\/v2\/media\/57584"}],"wp:attachment":[{"href":"https:\/\/www.redenoticia.com.br\/noticia\/wp-json\/wp\/v2\/media?parent=66156"}],"wp:term":[{"taxonomy":"category","embeddable":true,"href":"https:\/\/www.redenoticia.com.br\/noticia\/wp-json\/wp\/v2\/categories?post=66156"},{"taxonomy":"post_tag","embeddable":true,"href":"https:\/\/www.redenoticia.com.br\/noticia\/wp-json\/wp\/v2\/tags?post=66156"}],"curies":[{"name":"wp","href":"https:\/\/api.w.org\/{rel}","templated":true}]}}