{"id":66153,"date":"2015-02-09T14:46:36","date_gmt":"2015-02-09T16:46:36","guid":{"rendered":"http:\/\/www.redenoticia.com.br\/noticia\/?p=66153"},"modified":"2015-02-09T14:46:36","modified_gmt":"2015-02-09T16:46:36","slug":"receita-abre-consulta-a-lote-da-malha-fina-do-imposto-de-renda","status":"publish","type":"post","link":"https:\/\/www.redenoticia.com.br\/noticia\/2015\/receita-abre-consulta-a-lote-da-malha-fina-do-imposto-de-renda\/66153","title":{"rendered":"Receita abre consulta a lote da malha fina do Imposto de Renda"},"content":{"rendered":"<p>A Receita Federal liberou a consulta ao <em><strong>lote residual do Imposto de Renda<\/strong><\/em> Pessoa F\u00edsica das declara\u00e7\u00f5es de 2008 (ano-base 2007) a 2014 (ano-base 2013).\u00a0 Ao todo, foram contemplados 160.715 contribuintes, que receber\u00e3o R$ 300 milh\u00f5es.<\/p>\n<p>As restitui\u00e7\u00f5es ter\u00e3o corre\u00e7\u00e3o de 9,11%, relativa \u00e0s declara\u00e7\u00f5es de 2014, a 66,69%, para as declara\u00e7\u00f5es de 2008. Os \u00edndices equivalem \u00e0 taxa Selic \u2013 juros b\u00e1sicos da economia \u2013 acumulada entre o m\u00eas de entrega da declara\u00e7\u00e3o at\u00e9 este m\u00eas.<\/p>\n<p>A rela\u00e7\u00e3o dos contribuintes estar\u00e1 dispon\u00edvel na p\u00e1gina da . A consulta tamb\u00e9m pode ser feita pelo telefone 146 ou nos aplicativos da Receita Federal para\u00a0tablets e smartphones.<\/p>\n<p>Caso o valor n\u00e3o seja creditado nas contas informadas na declara\u00e7\u00e3o, o contribuinte dever\u00e1 receber o dinheiro em qualquer ag\u00eancia do Banco do Brasil. Tamb\u00e9m \u00e9 poss\u00edvel ligar para os telefones 4004-0001 (capitais), 0800-729-0001 (demais localidades) e 0800-729-0088 (telefone especial exclusivo para deficientes auditivos) para agendar o cr\u00e9dito em conta-corrente ou poupan\u00e7a, no nome do declarante, em qualquer banco.<\/p>\n<p>Wellton M\u00e1ximo \u2013 Rep\u00f3rter da Ag\u00eancia Brasil<br \/>\nEdi\u00e7\u00e3o: Gra\u00e7a Adjuto<\/p>\n","protected":false},"excerpt":{"rendered":"<p>A Receita Federal liberou a consulta ao lote residual do Imposto de Renda Pessoa F\u00edsica das declara\u00e7\u00f5es de 2008 (ano-base 2007) a 2014 (ano-base 2013).\u00a0 Ao todo, foram contemplados 160.715 contribuintes, que receber\u00e3o R$ 300 milh\u00f5es. As restitui\u00e7\u00f5es ter\u00e3o corre\u00e7\u00e3o de 9,11%, relativa \u00e0s declara\u00e7\u00f5es de 2014, a 66,69%, para as declara\u00e7\u00f5es de 2008. Os [&hellip;]<\/p>\n","protected":false},"author":2,"featured_media":23889,"comment_status":"open","ping_status":"closed","sticky":false,"template":"","format":"standard","meta":{"_genesis_hide_title":false,"_genesis_hide_breadcrumbs":false,"_genesis_hide_singular_image":false,"_genesis_hide_footer_widgets":false,"_genesis_custom_body_class":"","_genesis_custom_post_class":"","_genesis_layout":"","_jetpack_memberships_contains_paid_content":false,"footnotes":""},"categories":[22,7],"tags":[],"class_list":{"0":"post-66153","1":"post","2":"type-post","3":"status-publish","4":"format-standard","5":"has-post-thumbnail","7":"category-brasil","8":"category-economia","9":"entry","10":"gs-1","11":"gs-odd","12":"gs-even","13":"gs-featured-content-entry"},"jetpack_featured_media_url":"https:\/\/www.redenoticia.com.br\/noticia\/imagens\/receita-federal-irpf-2010.jpg","jetpack_sharing_enabled":true,"jetpack_likes_enabled":true,"_links":{"self":[{"href":"https:\/\/www.redenoticia.com.br\/noticia\/wp-json\/wp\/v2\/posts\/66153","targetHints":{"allow":["GET"]}}],"collection":[{"href":"https:\/\/www.redenoticia.com.br\/noticia\/wp-json\/wp\/v2\/posts"}],"about":[{"href":"https:\/\/www.redenoticia.com.br\/noticia\/wp-json\/wp\/v2\/types\/post"}],"author":[{"embeddable":true,"href":"https:\/\/www.redenoticia.com.br\/noticia\/wp-json\/wp\/v2\/users\/2"}],"replies":[{"embeddable":true,"href":"https:\/\/www.redenoticia.com.br\/noticia\/wp-json\/wp\/v2\/comments?post=66153"}],"version-history":[{"count":0,"href":"https:\/\/www.redenoticia.com.br\/noticia\/wp-json\/wp\/v2\/posts\/66153\/revisions"}],"wp:featuredmedia":[{"embeddable":true,"href":"https:\/\/www.redenoticia.com.br\/noticia\/wp-json\/wp\/v2\/media\/23889"}],"wp:attachment":[{"href":"https:\/\/www.redenoticia.com.br\/noticia\/wp-json\/wp\/v2\/media?parent=66153"}],"wp:term":[{"taxonomy":"category","embeddable":true,"href":"https:\/\/www.redenoticia.com.br\/noticia\/wp-json\/wp\/v2\/categories?post=66153"},{"taxonomy":"post_tag","embeddable":true,"href":"https:\/\/www.redenoticia.com.br\/noticia\/wp-json\/wp\/v2\/tags?post=66153"}],"curies":[{"name":"wp","href":"https:\/\/api.w.org\/{rel}","templated":true}]}}