{"id":66151,"date":"2015-02-09T14:42:45","date_gmt":"2015-02-09T16:42:45","guid":{"rendered":"http:\/\/www.redenoticia.com.br\/noticia\/?p=66151"},"modified":"2015-02-09T14:42:45","modified_gmt":"2015-02-09T16:42:45","slug":"acoes-do-bc-para-segurar-dolar-fazem-divida-cambial-bater-recorde-em-2014","status":"publish","type":"post","link":"https:\/\/www.redenoticia.com.br\/noticia\/2015\/acoes-do-bc-para-segurar-dolar-fazem-divida-cambial-bater-recorde-em-2014\/66151","title":{"rendered":"A\u00e7\u00f5es do BC para segurar d\u00f3lar fazem d\u00edvida cambial bater recorde em 2014"},"content":{"rendered":"<p>As vendas de d\u00f3lares no mercado futuro para segurar a cota\u00e7\u00e3o da moeda fizeram a <strong><em>d\u00edvida interna<\/em><\/strong> vinculada ao c\u00e2mbio encerrar 2014 no maior n\u00edvel da hist\u00f3ria. A d\u00edvida mobili\u00e1ria (em t\u00edtulos) interna corrigida por moedas estrangeiras somou R$ 297,91 bilh\u00f5es em dezembro. Apesar da alta em valores absolutos, a fatia do c\u00e2mbio na d\u00edvida interna caiu levemente em termos percentuais, de 13,74% em novembro para 13,64% em janeiro.<\/p>\n<p>Apesar de n\u00e3o envolverem emiss\u00f5es de t\u00edtulos, as opera\u00e7\u00f5es de swap cambial tradicional, que equivalem \u00e0s vendas de d\u00f3lares no mercado futuro, interferem na composi\u00e7\u00e3o da D\u00edvida P\u00fablica Federal (DPF) conforme os crit\u00e9rios usados pelo Banco Central. Pelos crit\u00e9rios do Tesouro Nacional, que desconsidera as opera\u00e7\u00f5es de swap, a participa\u00e7\u00e3o do c\u00e2mbio na d\u00edvida mobili\u00e1ria ficou est\u00e1vel em 0,59% de novembro para dezembro.<\/p>\n<p>A propor\u00e7\u00e3o do c\u00e2mbio na d\u00edvida mobili\u00e1ria interna tende a aumentar nos pr\u00f3ximos meses por causa da decis\u00e3o do Banco Central (BC) de estender, at\u00e9 junho de 2015, o programa de venda de d\u00f3lares no mercado futuro. Desde agosto de 2013, o BC injeta US$ 500 milh\u00f5es diariamente nos leil\u00f5es de swap. O volume foi reduzido para US$ 200 milh\u00f5es di\u00e1rios em janeiro de 2014 e para US$ 100 milh\u00f5es em janeiro deste ano.<\/p>\n<p>Apesar da intefer\u00eancia do c\u00e2mbio, a d\u00edvida p\u00fablica registrou melhora significativa em alguns indicadores ao longo do ano passado. A fatia dos t\u00edtulos vinculados a taxas flutuantes, como a Selic (juros b\u00e1sicos da economia), encerrou 2014 no menor n\u00edvel da hist\u00f3ria, em 6,57% da d\u00edvida p\u00fablica interna. A participa\u00e7\u00e3o de t\u00edtulos prefixados \u2013 com taxa de juros definida no momento da emiss\u00e3o \u2013 fechou o ano em 43,08%, pr\u00f3ximo do recorde de 43,30% registrado em novembro de 2014.<\/p>\n<p>A fatia dos t\u00edtulos corrigidos pela infla\u00e7\u00e3o ficou relativamente est\u00e1vel em 2014, oscilando de 36,14% em dezembro de 2013 para 36,70% 12 meses mais tarde. Todos esses n\u00fameros tamb\u00e9m levam em conta as opera\u00e7\u00f5es de swap pelo Banco Central.<\/p>\n<p>Com taxas definidas no momento da emiss\u00e3o, os t\u00edtulos prefixados s\u00e3o prefer\u00edveis para o Tesouro Nacional porque d\u00e3o maior previsibilidade \u00e0 administra\u00e7\u00e3o da d\u00edvida p\u00fablica. O governo sabe exatamente quanto vai pagar no futuro, quando ocorrer o vencimento dos pap\u00e9is. Em contrapartida, os pap\u00e9is vinculados \u00e0 Selic representam mais risco porque pressionam a d\u00edvida para cima, caso o Banco Central tenha de reajustar os juros b\u00e1sicos por causa da infla\u00e7\u00e3o.<\/p>\n<p>Depois de bater recorde em novembro, quando atingiu 4,51 anos, o prazo m\u00e9dio da DPF caiu para 4,22 anos em dezembro. O Tesouro Nacional n\u00e3o divulga o resultado em meses, apenas em anos. A participa\u00e7\u00e3o dos vencimentos nos pr\u00f3ximos 12 meses ficou praticamente est\u00e1vel, passando de 24,79% para 24,65%. Prazos mais longos s\u00e3o favor\u00e1veis ao Tesouro porque d\u00e3o ao governo mais tempo para planejar e executar as opera\u00e7\u00f5es de rolagem (renegocia\u00e7\u00e3o) da d\u00edvida p\u00fablica.<\/p>\n<p>Por meio da d\u00edvida p\u00fablica, o governo pega emprestado dos investidores recursos para honrar compromissos. Em troca, compromete-se a devolver os recursos com alguma corre\u00e7\u00e3o, que pode ser definida com anteced\u00eancia, no caso dos t\u00edtulos prefixados, ou seguir a varia\u00e7\u00e3o da taxa Selic, da infla\u00e7\u00e3o ou do c\u00e2mbio.<\/p>\n<p>Wellton M\u00e1ximo \u2013 Rep\u00f3rter da Ag\u00eancia Brasil<br \/>\nEdi\u00e7\u00e3o: N\u00e1dia Franco<\/p>\n","protected":false},"excerpt":{"rendered":"<p>As vendas de d\u00f3lares no mercado futuro para segurar a cota\u00e7\u00e3o da moeda fizeram a d\u00edvida interna vinculada ao c\u00e2mbio encerrar 2014 no maior n\u00edvel da hist\u00f3ria. A d\u00edvida mobili\u00e1ria (em t\u00edtulos) interna corrigida por moedas estrangeiras somou R$ 297,91 bilh\u00f5es em dezembro. Apesar da alta em valores absolutos, a fatia do c\u00e2mbio na d\u00edvida [&hellip;]<\/p>\n","protected":false},"author":2,"featured_media":40517,"comment_status":"open","ping_status":"closed","sticky":false,"template":"","format":"standard","meta":{"_genesis_hide_title":false,"_genesis_hide_breadcrumbs":false,"_genesis_hide_singular_image":false,"_genesis_hide_footer_widgets":false,"_genesis_custom_body_class":"","_genesis_custom_post_class":"","_genesis_layout":"","_jetpack_memberships_contains_paid_content":false,"footnotes":""},"categories":[22,7],"tags":[],"class_list":{"0":"post-66151","1":"post","2":"type-post","3":"status-publish","4":"format-standard","5":"has-post-thumbnail","7":"category-brasil","8":"category-economia","9":"entry","10":"gs-1","11":"gs-odd","12":"gs-even","13":"gs-featured-content-entry"},"jetpack_featured_media_url":"https:\/\/www.redenoticia.com.br\/noticia\/imagens\/economia-previsao.jpg","jetpack_sharing_enabled":true,"jetpack_likes_enabled":true,"_links":{"self":[{"href":"https:\/\/www.redenoticia.com.br\/noticia\/wp-json\/wp\/v2\/posts\/66151","targetHints":{"allow":["GET"]}}],"collection":[{"href":"https:\/\/www.redenoticia.com.br\/noticia\/wp-json\/wp\/v2\/posts"}],"about":[{"href":"https:\/\/www.redenoticia.com.br\/noticia\/wp-json\/wp\/v2\/types\/post"}],"author":[{"embeddable":true,"href":"https:\/\/www.redenoticia.com.br\/noticia\/wp-json\/wp\/v2\/users\/2"}],"replies":[{"embeddable":true,"href":"https:\/\/www.redenoticia.com.br\/noticia\/wp-json\/wp\/v2\/comments?post=66151"}],"version-history":[{"count":0,"href":"https:\/\/www.redenoticia.com.br\/noticia\/wp-json\/wp\/v2\/posts\/66151\/revisions"}],"wp:featuredmedia":[{"embeddable":true,"href":"https:\/\/www.redenoticia.com.br\/noticia\/wp-json\/wp\/v2\/media\/40517"}],"wp:attachment":[{"href":"https:\/\/www.redenoticia.com.br\/noticia\/wp-json\/wp\/v2\/media?parent=66151"}],"wp:term":[{"taxonomy":"category","embeddable":true,"href":"https:\/\/www.redenoticia.com.br\/noticia\/wp-json\/wp\/v2\/categories?post=66151"},{"taxonomy":"post_tag","embeddable":true,"href":"https:\/\/www.redenoticia.com.br\/noticia\/wp-json\/wp\/v2\/tags?post=66151"}],"curies":[{"name":"wp","href":"https:\/\/api.w.org\/{rel}","templated":true}]}}