{"id":66145,"date":"2015-02-09T14:32:04","date_gmt":"2015-02-09T16:32:04","guid":{"rendered":"http:\/\/www.redenoticia.com.br\/noticia\/?p=66145"},"modified":"2015-02-09T14:32:04","modified_gmt":"2015-02-09T16:32:04","slug":"resultado-da-avaliacao-do-rendimento-escolar-sp-2014","status":"publish","type":"post","link":"https:\/\/www.redenoticia.com.br\/noticia\/2015\/resultado-da-avaliacao-do-rendimento-escolar-sp-2014\/66145","title":{"rendered":"Resultado da Avalia\u00e7\u00e3o do Rendimento Escolar SP 2014"},"content":{"rendered":"<p>O <strong><em>Saresp<\/em><\/strong> (Sistema de Avalia\u00e7\u00e3o do Rendimento Escolar do Estado de S\u00e3o Paulo) referente ao ano de 2014 teve melhora no desempenho e participa\u00e7\u00e3o recorde de alunos. <\/p>\n<p>Novos dados<\/p>\n<p>Em L\u00edngua Portuguesa, o 5\u00ba ano do Ensino Fundamental chegou em 2014 \u00e0 m\u00e9dia de 203,7, contra 199,4 em 2013. No 9\u00ba ano, a educa\u00e7\u00e3o paulista teve em 2014 a m\u00e9dia de 231,4, contra 226,3 no ano anterior. No Ensino M\u00e9dio o resultado avan\u00e7ou de 262,7 para 265,6.<\/p>\n<p>Em Matem\u00e1tica, os estudantes da rede estadual tiveram m\u00e9dia de 216,5 no 5\u00ba ano do Ensino Fundamental, contra 209,6 em 2013. No 9\u00ba ano, a m\u00e9dia de 2014 foi de 243,1 &#8211; no ano anterior era de 242,6. Por fim, no Ensino M\u00e9dio S\u00e3o Paulo passou de 268,7 para 270,4.<\/p>\n<p>Al\u00e9m das m\u00e9dias, o Saresp permite uma avalia\u00e7\u00e3o dos estudantes por n\u00edvel de profici\u00eancia &#8211; Abaixo do B\u00e1sico, B\u00e1sico, Adequado e Avan\u00e7ado -, em cada ciclo de aprendizagem, nas disciplinas de matem\u00e1tica e l\u00edngua portuguesa.<\/p>\n<p>Em L\u00edngua Portuguesa, o 5\u00ba ano teve 86,6% dos estudantes nos n\u00edveis B\u00e1sico, Adequado e Avan\u00e7ado. Em 2013 o percentual era de 83,9%. O 9\u00ba ano teve 73,9% nestes tr\u00eas n\u00edveis em 2014, contra 70,0% no ano anterior. No Ensino M\u00e9dio, 66,2% chegaram aos tr\u00eas n\u00edveis &#8211; em 2013 eram 60,3%.<\/p>\n<p>Em Matem\u00e1tica o resultado \u00e9 tamb\u00e9m positivo. No 5\u00ba ano passou-se de 74% dos alunos nos n\u00edveis B\u00e1sico, Adequado e Avan\u00e7ado em 2013 para 78,7% em 2014. No 9\u00ba ano houve uma pequena redu\u00e7\u00e3o: de 63,6% em 2013 para 63% em 2014. No Ensino M\u00e9dio, o avan\u00e7o foi de 45,1% para 46,1%.<\/p>\n<p>Refor\u00e7o para 2015 <\/p>\n<p>O Governador Alckmin destacou que a Secretaria da Educa\u00e7\u00e3o vai implantar em 2015 um novo programa de refor\u00e7o escolar de L\u00edngua Portuguesa e Matem\u00e1tica. &#8220;Cada escola vai definir se ela quer fazer no contraturno ou na extens\u00e3o do pr\u00f3prio turno&#8221;, afirmou. As aulas v\u00e3o ocorrer tr\u00eas vezes por semana para cada disciplina e ser\u00e3o voltadas aos estudantes que eventualmente apresentarem dificuldades no aprendizado. As turmas do refor\u00e7o ser\u00e3o definidas com base no desempenho escolar que apresentarem nas provas bimestrais.<\/p>\n<p>Tamb\u00e9m para apoiar os professores, a Secretaria vai aplicar j\u00e1 em fevereiro uma avalia\u00e7\u00e3o diagn\u00f3stica para identificar as habilidades e conhecimento de todos os estudantes da rede.<\/p>\n<p>Do Portal do Governo do Estado SP<\/p>\n","protected":false},"excerpt":{"rendered":"<p>O Saresp (Sistema de Avalia\u00e7\u00e3o do Rendimento Escolar do Estado de S\u00e3o Paulo) referente ao ano de 2014 teve melhora no desempenho e participa\u00e7\u00e3o recorde de alunos. Novos dados Em L\u00edngua Portuguesa, o 5\u00ba ano do Ensino Fundamental chegou em 2014 \u00e0 m\u00e9dia de 203,7, contra 199,4 em 2013. No 9\u00ba ano, a educa\u00e7\u00e3o paulista [&hellip;]<\/p>\n","protected":false},"author":2,"featured_media":36241,"comment_status":"open","ping_status":"closed","sticky":false,"template":"","format":"standard","meta":{"_genesis_hide_title":false,"_genesis_hide_breadcrumbs":false,"_genesis_hide_singular_image":false,"_genesis_hide_footer_widgets":false,"_genesis_custom_body_class":"","_genesis_custom_post_class":"","_genesis_layout":"","_jetpack_memberships_contains_paid_content":false,"footnotes":""},"categories":[22],"tags":[],"class_list":{"0":"post-66145","1":"post","2":"type-post","3":"status-publish","4":"format-standard","5":"has-post-thumbnail","7":"category-brasil","8":"entry","9":"gs-1","10":"gs-odd","11":"gs-even","12":"gs-featured-content-entry"},"jetpack_featured_media_url":"https:\/\/www.redenoticia.com.br\/noticia\/imagens\/professor-b.jpg","jetpack_sharing_enabled":true,"jetpack_likes_enabled":true,"_links":{"self":[{"href":"https:\/\/www.redenoticia.com.br\/noticia\/wp-json\/wp\/v2\/posts\/66145","targetHints":{"allow":["GET"]}}],"collection":[{"href":"https:\/\/www.redenoticia.com.br\/noticia\/wp-json\/wp\/v2\/posts"}],"about":[{"href":"https:\/\/www.redenoticia.com.br\/noticia\/wp-json\/wp\/v2\/types\/post"}],"author":[{"embeddable":true,"href":"https:\/\/www.redenoticia.com.br\/noticia\/wp-json\/wp\/v2\/users\/2"}],"replies":[{"embeddable":true,"href":"https:\/\/www.redenoticia.com.br\/noticia\/wp-json\/wp\/v2\/comments?post=66145"}],"version-history":[{"count":0,"href":"https:\/\/www.redenoticia.com.br\/noticia\/wp-json\/wp\/v2\/posts\/66145\/revisions"}],"wp:featuredmedia":[{"embeddable":true,"href":"https:\/\/www.redenoticia.com.br\/noticia\/wp-json\/wp\/v2\/media\/36241"}],"wp:attachment":[{"href":"https:\/\/www.redenoticia.com.br\/noticia\/wp-json\/wp\/v2\/media?parent=66145"}],"wp:term":[{"taxonomy":"category","embeddable":true,"href":"https:\/\/www.redenoticia.com.br\/noticia\/wp-json\/wp\/v2\/categories?post=66145"},{"taxonomy":"post_tag","embeddable":true,"href":"https:\/\/www.redenoticia.com.br\/noticia\/wp-json\/wp\/v2\/tags?post=66145"}],"curies":[{"name":"wp","href":"https:\/\/api.w.org\/{rel}","templated":true}]}}