{"id":66030,"date":"2015-02-06T15:51:14","date_gmt":"2015-02-06T17:51:14","guid":{"rendered":"http:\/\/www.redenoticia.com.br\/noticia\/?p=66030"},"modified":"2015-02-06T15:51:14","modified_gmt":"2015-02-06T17:51:14","slug":"ipt-desenvolve-padroes-de-qualidade-para-agua-natural-no-brasil","status":"publish","type":"post","link":"https:\/\/www.redenoticia.com.br\/noticia\/2015\/ipt-desenvolve-padroes-de-qualidade-para-agua-natural-no-brasil\/66030","title":{"rendered":"IPT desenvolve padr\u00f5es de qualidade para \u00e1gua natural no Brasil"},"content":{"rendered":"<p> Ag\u00eancia FAPESP \u2013 O Laborat\u00f3rio de Refer\u00eancias Metrol\u00f3gicas do Instituto de Pesquisas Tecnol\u00f3gicas (IPT), vinculado \u00e0 Secretaria de Desenvolvimento Econ\u00f4mico, Ci\u00eancia, Tecnologia e Inova\u00e7\u00e3o do Estado de S\u00e3o Paulo, desenvolveu o <strong><em>padr\u00e3o de qualidade das primeiras \u00e1guas<\/em><\/strong> brasileiras com composi\u00e7\u00e3o qu\u00edmica certificada.<\/p>\n<p>O objetivo \u00e9 que o processo sirva de modelo \u00e0 ind\u00fastria e a \u00f3rg\u00e3os de saneamento para avaliar, entre outras caracter\u00edsticas, a qualidade e a potabilidade da \u00e1gua.<\/p>\n<p>O IPT disponibilizar\u00e1 a laborat\u00f3rios de empresas e universidades materiais com caracter\u00edsticas nacionais para a calibra\u00e7\u00e3o de instrumentos de medi\u00e7\u00e3o do teor de elementos como chumbo, c\u00e1dmio e ars\u00eanio em seus produtos.<\/p>\n<p>Atualmente s\u00e3o dispon\u00edveis apenas padr\u00f5es de \u00e1guas de outros pa\u00edses, com caracter\u00edsticas diferentes das \u00e1guas brasileiras. Diante disso, o IPT criou refer\u00eancias nacionais que possam ser empregadas por laborat\u00f3rios, universidades e empresas.<\/p>\n<p>Para a realiza\u00e7\u00e3o do projeto, tr\u00eas lotes de \u00e1guas de diferentes tipos e lugares do Estado de S\u00e3o Paulo foram usados em testes. As amostras de \u00e1gua mineral foram retiradas de \u00c1guas da Prata, por possu\u00edrem teores adequados aos pretendidos pelos pesquisadores. A \u00e1gua de represa veio de \u00c1guas Claras, parte do sistema Cantareira que abastece 9 milh\u00f5es de pessoas da cidade de S\u00e3o Paulo. Por fim, a \u00e1gua de estu\u00e1rio foi amostrada no canal de Bertioga, no litoral paulista.<\/p>\n<p>O Laborat\u00f3rio de Refer\u00eancias Metrol\u00f3gicas est\u00e1 submetendo os materiais de refer\u00eancia a um processo de teste de estabilidade para confirmar se h\u00e1 algum tipo de deteriora\u00e7\u00e3o qu\u00edmica ou biol\u00f3gica nas amostras.<\/p>\n<p>Ap\u00f3s esta etapa, os pesquisadores devem identificar e convidar laborat\u00f3rios de alta compet\u00eancia em medi\u00e7\u00f5es qu\u00edmicas de \u00e1guas naturais para realizar as diversas determina\u00e7\u00f5es em um trabalho conjunto.<\/p>\n<p>Mais informa\u00e7\u00f5es em .<\/p>\n","protected":false},"excerpt":{"rendered":"<p>Ag\u00eancia FAPESP \u2013 O Laborat\u00f3rio de Refer\u00eancias Metrol\u00f3gicas do Instituto de Pesquisas Tecnol\u00f3gicas (IPT), vinculado \u00e0 Secretaria de Desenvolvimento Econ\u00f4mico, Ci\u00eancia, Tecnologia e Inova\u00e7\u00e3o do Estado de S\u00e3o Paulo, desenvolveu o padr\u00e3o de qualidade das primeiras \u00e1guas brasileiras com composi\u00e7\u00e3o qu\u00edmica certificada. O objetivo \u00e9 que o processo sirva de modelo \u00e0 ind\u00fastria e a [&hellip;]<\/p>\n","protected":false},"author":2,"featured_media":34864,"comment_status":"open","ping_status":"closed","sticky":false,"template":"","format":"standard","meta":{"_genesis_hide_title":false,"_genesis_hide_breadcrumbs":false,"_genesis_hide_singular_image":false,"_genesis_hide_footer_widgets":false,"_genesis_custom_body_class":"","_genesis_custom_post_class":"","_genesis_layout":"","_jetpack_memberships_contains_paid_content":false,"footnotes":""},"categories":[22],"tags":[],"class_list":{"0":"post-66030","1":"post","2":"type-post","3":"status-publish","4":"format-standard","5":"has-post-thumbnail","7":"category-brasil","8":"entry","9":"gs-1","10":"gs-odd","11":"gs-even","12":"gs-featured-content-entry"},"jetpack_featured_media_url":"https:\/\/www.redenoticia.com.br\/noticia\/imagens\/pronatec-ensino-tecnico.jpg","jetpack_sharing_enabled":true,"jetpack_likes_enabled":true,"_links":{"self":[{"href":"https:\/\/www.redenoticia.com.br\/noticia\/wp-json\/wp\/v2\/posts\/66030","targetHints":{"allow":["GET"]}}],"collection":[{"href":"https:\/\/www.redenoticia.com.br\/noticia\/wp-json\/wp\/v2\/posts"}],"about":[{"href":"https:\/\/www.redenoticia.com.br\/noticia\/wp-json\/wp\/v2\/types\/post"}],"author":[{"embeddable":true,"href":"https:\/\/www.redenoticia.com.br\/noticia\/wp-json\/wp\/v2\/users\/2"}],"replies":[{"embeddable":true,"href":"https:\/\/www.redenoticia.com.br\/noticia\/wp-json\/wp\/v2\/comments?post=66030"}],"version-history":[{"count":0,"href":"https:\/\/www.redenoticia.com.br\/noticia\/wp-json\/wp\/v2\/posts\/66030\/revisions"}],"wp:featuredmedia":[{"embeddable":true,"href":"https:\/\/www.redenoticia.com.br\/noticia\/wp-json\/wp\/v2\/media\/34864"}],"wp:attachment":[{"href":"https:\/\/www.redenoticia.com.br\/noticia\/wp-json\/wp\/v2\/media?parent=66030"}],"wp:term":[{"taxonomy":"category","embeddable":true,"href":"https:\/\/www.redenoticia.com.br\/noticia\/wp-json\/wp\/v2\/categories?post=66030"},{"taxonomy":"post_tag","embeddable":true,"href":"https:\/\/www.redenoticia.com.br\/noticia\/wp-json\/wp\/v2\/tags?post=66030"}],"curies":[{"name":"wp","href":"https:\/\/api.w.org\/{rel}","templated":true}]}}