{"id":65997,"date":"2015-02-05T16:56:20","date_gmt":"2015-02-05T18:56:20","guid":{"rendered":"http:\/\/www.redenoticia.com.br\/noticia\/?p=65997"},"modified":"2015-02-05T16:56:20","modified_gmt":"2015-02-05T18:56:20","slug":"venda-de-veiculos-apresenta-queda-de-314-mostra-anfavea","status":"publish","type":"post","link":"https:\/\/www.redenoticia.com.br\/noticia\/2015\/venda-de-veiculos-apresenta-queda-de-314-mostra-anfavea\/65997","title":{"rendered":"Venda de ve\u00edculos apresenta queda de 31,4%, mostra Anfavea"},"content":{"rendered":"<p> A <strong><em>venda de ve\u00edculos<\/em><\/strong> caiu 31,4% em janeiro deste ano na compara\u00e7\u00e3o com dezembro de 2014, mostra levantamento da Associa\u00e7\u00e3o Nacional dos Fabricantes de Ve\u00edculos Automotores (Anfavea). Foram comercializadas 253,8 mil unidades diante das 370 mil do \u00faltimo m\u00eas do ano passado. Em rela\u00e7\u00e3o a janeiro de 2014, a queda \u00e9 menor: houve recuo de 18,8%.<\/p>\n<p>O resultado reflete a alta do Imposto sobre Produtos Industrializados (IPI), cuja redu\u00e7\u00e3o foi revertida. O desconto no imposto foi adotado em maio de 2012 para manter a economia aquecida em um cen\u00e1rio de crise econ\u00f4mica internacional.<\/p>\n<p>Os dados mostram ainda que houve pequeno avan\u00e7o de 0,4% na produ\u00e7\u00e3o de ve\u00edculos em rela\u00e7\u00e3o a dezembro. Em n\u00fameros absolutos, foram produzidos 204 mil carros no fim do ano passado e 204,8 mil neste ano. Na compara\u00e7\u00e3o com janeiro do ano passado, houve redu\u00e7\u00e3o de 13,7% na produ\u00e7\u00e3o. Nos \u00faltimos 12 meses, a produ\u00e7\u00e3o acumula queda de 14,9%.<\/p>\n<p>Camila Maciel \u2013 Rep\u00f3rter da Ag\u00eancia Brasil<br \/>\nEdi\u00e7\u00e3o: Denise Griesinger<br \/>\nVenda de ve\u00edculos apresenta queda de 31,4%, mostra Anfavea<\/p>\n","protected":false},"excerpt":{"rendered":"<p>A venda de ve\u00edculos caiu 31,4% em janeiro deste ano na compara\u00e7\u00e3o com dezembro de 2014, mostra levantamento da Associa\u00e7\u00e3o Nacional dos Fabricantes de Ve\u00edculos Automotores (Anfavea). Foram comercializadas 253,8 mil unidades diante das 370 mil do \u00faltimo m\u00eas do ano passado. Em rela\u00e7\u00e3o a janeiro de 2014, a queda \u00e9 menor: houve recuo de [&hellip;]<\/p>\n","protected":false},"author":2,"featured_media":38938,"comment_status":"open","ping_status":"closed","sticky":false,"template":"","format":"standard","meta":{"_genesis_hide_title":false,"_genesis_hide_breadcrumbs":false,"_genesis_hide_singular_image":false,"_genesis_hide_footer_widgets":false,"_genesis_custom_body_class":"","_genesis_custom_post_class":"","_genesis_layout":"","_jetpack_memberships_contains_paid_content":false,"footnotes":""},"categories":[22,7],"tags":[],"class_list":{"0":"post-65997","1":"post","2":"type-post","3":"status-publish","4":"format-standard","5":"has-post-thumbnail","7":"category-brasil","8":"category-economia","9":"entry","10":"gs-1","11":"gs-odd","12":"gs-even","13":"gs-featured-content-entry"},"jetpack_featured_media_url":"https:\/\/www.redenoticia.com.br\/noticia\/imagens\/economia1.jpg","jetpack_sharing_enabled":true,"jetpack_likes_enabled":true,"_links":{"self":[{"href":"https:\/\/www.redenoticia.com.br\/noticia\/wp-json\/wp\/v2\/posts\/65997","targetHints":{"allow":["GET"]}}],"collection":[{"href":"https:\/\/www.redenoticia.com.br\/noticia\/wp-json\/wp\/v2\/posts"}],"about":[{"href":"https:\/\/www.redenoticia.com.br\/noticia\/wp-json\/wp\/v2\/types\/post"}],"author":[{"embeddable":true,"href":"https:\/\/www.redenoticia.com.br\/noticia\/wp-json\/wp\/v2\/users\/2"}],"replies":[{"embeddable":true,"href":"https:\/\/www.redenoticia.com.br\/noticia\/wp-json\/wp\/v2\/comments?post=65997"}],"version-history":[{"count":0,"href":"https:\/\/www.redenoticia.com.br\/noticia\/wp-json\/wp\/v2\/posts\/65997\/revisions"}],"wp:featuredmedia":[{"embeddable":true,"href":"https:\/\/www.redenoticia.com.br\/noticia\/wp-json\/wp\/v2\/media\/38938"}],"wp:attachment":[{"href":"https:\/\/www.redenoticia.com.br\/noticia\/wp-json\/wp\/v2\/media?parent=65997"}],"wp:term":[{"taxonomy":"category","embeddable":true,"href":"https:\/\/www.redenoticia.com.br\/noticia\/wp-json\/wp\/v2\/categories?post=65997"},{"taxonomy":"post_tag","embeddable":true,"href":"https:\/\/www.redenoticia.com.br\/noticia\/wp-json\/wp\/v2\/tags?post=65997"}],"curies":[{"name":"wp","href":"https:\/\/api.w.org\/{rel}","templated":true}]}}