{"id":65995,"date":"2015-02-05T16:53:02","date_gmt":"2015-02-05T18:53:02","guid":{"rendered":"http:\/\/www.redenoticia.com.br\/noticia\/?p=65995"},"modified":"2015-02-05T16:53:02","modified_gmt":"2015-02-05T18:53:02","slug":"pesquisa-da-cnc-mostra-queda-da-confianca-do-comercio-em-janeiro","status":"publish","type":"post","link":"https:\/\/www.redenoticia.com.br\/noticia\/2015\/pesquisa-da-cnc-mostra-queda-da-confianca-do-comercio-em-janeiro\/65995","title":{"rendered":"Pesquisa da CNC mostra queda da confian\u00e7a do com\u00e9rcio em janeiro"},"content":{"rendered":"<p> O <strong><em>\u00cdndice de Confian\u00e7a do Empres\u00e1rio do Com\u00e9rcio<\/em><\/strong> (Icec) atingiu, no in\u00edcio do ano, o menor patamar desde o in\u00edcio da s\u00e9rie hist\u00f3rica, em 2011. Em janeiro, a confian\u00e7a do empresariado do com\u00e9rcio caiu 1,1% em rela\u00e7\u00e3o a dezembro do ano passado, ficando em 105,1 pontos. <\/p>\n<p> A pesquisa foi divulgada pela Confedera\u00e7\u00e3o Nacional do Com\u00e9rcio de Bens, Servi\u00e7os e Turismo (CNC). Os dados relativos a janeiro de 2015 mostram queda de 14,3% em rela\u00e7\u00e3o a janeiro de 2014. Tamb\u00e9m houve quedas nos sub\u00edndices que medem as expectativas dos empres\u00e1rios (-9,3%) e a inten\u00e7\u00e3o de investimentos futuros (-9,9%).<\/p>\n<p>Segundo o economista da CNC Fabio Bentes, \u201ca tend\u00eancia de redu\u00e7\u00e3o nas expectativas em rela\u00e7\u00e3o \u00e0 economia brasileira tem, historicamente, coincidido com a trajet\u00f3ria decrescente das expectativas registradas semanalmente pelo Banco Central\u201d.<\/p>\n<p>Al\u00e9m do fraco n\u00edvel de atividade econ\u00f4mica, a confian\u00e7a dos empres\u00e1rios do setor tem sido influenciada pela perda de f\u00f4lego das vendas do varejo. A maior infla\u00e7\u00e3o esperada para os pre\u00e7os administrados em 2015 levou a CNC a revisar a previs\u00e3o de crescimento do volume de vendas de 3% para 2,4% at\u00e9 o fim do ano. \u201cConfirmada a proje\u00e7\u00e3o, esse seria o pior resultado dos \u00faltimos 12 anos. Em 2003, o volume de vendas do varejo caiu 3,7%\u201d, ressalta a entidade.<\/p>\n<p>Ao abrir o ano com a confian\u00e7a em queda, o Icec reflete a forte influ\u00eancia da retra\u00e7\u00e3o na satisfa\u00e7\u00e3o do empresariado do setor com a situa\u00e7\u00e3o atual, que chegou a cair 26,6% em rela\u00e7\u00e3o ao primeiro m\u00eas do ano passado.<\/p>\n<p> Para 76,3% dos empres\u00e1rios, as condi\u00e7\u00f5es atuais da economia est\u00e3o piores do que h\u00e1 um ano, quando 41,8% do total perceberam piora acentuada. Em janeiro do ano passado, essa era a percep\u00e7\u00e3o de 54% dos entrevistados, com 20,6% registrando piora mais expressiva. As regi\u00f5es Sul (46 pontos) e Sudeste (51,3 pontos) concentram as piores avalia\u00e7\u00f5es nesse quesito.<\/p>\n<p>O \u00cdndice de Atividade Econ\u00f4mica do Banco Central (IBC-Br) para a Regi\u00e3o Sudeste acumula retra\u00e7\u00e3o de 0,7% nos 12 meses encerrados em novembro. Ao longo do ano, o \u00edndice de atividade do Banco Central para o n\u00edvel de atividade econ\u00f4mica desacelerou, passando de +2,9%, em janeiro de 2014, para os atuais -0,1%. As regi\u00f5es Norte e Nordeste apresentam taxas de crescimento pr\u00f3ximas a 3%, no mesmo per\u00edodo.<\/p>\n<p>Acompanhando o desapontamento com a evolu\u00e7\u00e3o das condi\u00e7\u00f5es correntes, o sub\u00edndice que mede as expectativas dos empres\u00e1rios (Ieec) acumula quatro quedas mensais, com o patamar mais baixo na s\u00e9rie hist\u00f3rica da pesquisa.<\/p>\n<p>Nielmar de Oliveira &#8211; Rep\u00f3rter da Ag\u00eancia Brasil<br \/>\nEdi\u00e7\u00e3o: Marcos Chagas<\/p>\n","protected":false},"excerpt":{"rendered":"<p>O \u00cdndice de Confian\u00e7a do Empres\u00e1rio do Com\u00e9rcio (Icec) atingiu, no in\u00edcio do ano, o menor patamar desde o in\u00edcio da s\u00e9rie hist\u00f3rica, em 2011. Em janeiro, a confian\u00e7a do empresariado do com\u00e9rcio caiu 1,1% em rela\u00e7\u00e3o a dezembro do ano passado, ficando em 105,1 pontos. A pesquisa foi divulgada pela Confedera\u00e7\u00e3o Nacional do Com\u00e9rcio [&hellip;]<\/p>\n","protected":false},"author":2,"featured_media":57585,"comment_status":"open","ping_status":"closed","sticky":false,"template":"","format":"standard","meta":{"_genesis_hide_title":false,"_genesis_hide_breadcrumbs":false,"_genesis_hide_singular_image":false,"_genesis_hide_footer_widgets":false,"_genesis_custom_body_class":"","_genesis_custom_post_class":"","_genesis_layout":"","_jetpack_memberships_contains_paid_content":false,"footnotes":""},"categories":[22,7],"tags":[],"class_list":{"0":"post-65995","1":"post","2":"type-post","3":"status-publish","4":"format-standard","5":"has-post-thumbnail","7":"category-brasil","8":"category-economia","9":"entry","10":"gs-1","11":"gs-odd","12":"gs-even","13":"gs-featured-content-entry"},"jetpack_featured_media_url":"https:\/\/www.redenoticia.com.br\/noticia\/imagens\/analise-economia.jpg","jetpack_sharing_enabled":true,"jetpack_likes_enabled":true,"_links":{"self":[{"href":"https:\/\/www.redenoticia.com.br\/noticia\/wp-json\/wp\/v2\/posts\/65995","targetHints":{"allow":["GET"]}}],"collection":[{"href":"https:\/\/www.redenoticia.com.br\/noticia\/wp-json\/wp\/v2\/posts"}],"about":[{"href":"https:\/\/www.redenoticia.com.br\/noticia\/wp-json\/wp\/v2\/types\/post"}],"author":[{"embeddable":true,"href":"https:\/\/www.redenoticia.com.br\/noticia\/wp-json\/wp\/v2\/users\/2"}],"replies":[{"embeddable":true,"href":"https:\/\/www.redenoticia.com.br\/noticia\/wp-json\/wp\/v2\/comments?post=65995"}],"version-history":[{"count":0,"href":"https:\/\/www.redenoticia.com.br\/noticia\/wp-json\/wp\/v2\/posts\/65995\/revisions"}],"wp:featuredmedia":[{"embeddable":true,"href":"https:\/\/www.redenoticia.com.br\/noticia\/wp-json\/wp\/v2\/media\/57585"}],"wp:attachment":[{"href":"https:\/\/www.redenoticia.com.br\/noticia\/wp-json\/wp\/v2\/media?parent=65995"}],"wp:term":[{"taxonomy":"category","embeddable":true,"href":"https:\/\/www.redenoticia.com.br\/noticia\/wp-json\/wp\/v2\/categories?post=65995"},{"taxonomy":"post_tag","embeddable":true,"href":"https:\/\/www.redenoticia.com.br\/noticia\/wp-json\/wp\/v2\/tags?post=65995"}],"curies":[{"name":"wp","href":"https:\/\/api.w.org\/{rel}","templated":true}]}}