{"id":65993,"date":"2015-02-05T16:50:27","date_gmt":"2015-02-05T18:50:27","guid":{"rendered":"http:\/\/www.redenoticia.com.br\/noticia\/?p=65993"},"modified":"2015-02-05T16:50:27","modified_gmt":"2015-02-05T18:50:27","slug":"empregos-no-comercio-paulistano-crescem-em-ritmo-menor","status":"publish","type":"post","link":"https:\/\/www.redenoticia.com.br\/noticia\/2015\/empregos-no-comercio-paulistano-crescem-em-ritmo-menor\/65993","title":{"rendered":"Empregos no com\u00e9rcio paulistano crescem em ritmo menor"},"content":{"rendered":"<p> O <strong><em>n\u00edvel de emprego<\/em><\/strong> formal ficou est\u00e1vel, no ano passado, no com\u00e9rcio varejista da regi\u00e3o metropolitana de S\u00e3o Paulo, com aumento de 0,8% no total de pessoal ocupado. No ano passado, o n\u00famero de pessoas ocupadas chegou a 1,028 milh\u00e3o. No entanto, o saldo de contrata\u00e7\u00f5es atingiu o menor volume dos \u00faltimos seis anos: obtiveram emprego 8.470 pessoas ante 13.129 em 2013.<\/p>\n<p>Desde 2008, o maior saldo de contrata\u00e7\u00f5es, ou seja, a diferen\u00e7a entre as demiss\u00f5es e as admiss\u00f5es, tinha ocorrido em 2010, quando atingiu o n\u00famero de 64.339 pessoas, segundo a pesquisa da Federa\u00e7\u00e3o do Com\u00e9rcio de Bens, Servi\u00e7os e Turismo do Estado de S\u00e3o Paulo (FecomercioSP), com base nos dados do Cadastro Geral de Empregados e Desempregados (Caged), elaborado pelo Minist\u00e9rio do Trabalho e Emprego.<\/p>\n<p>Ao longo de 2014, foram criadas 569.394 vagas, 1,4% acima do ano anterior. No mesmo per\u00edodo, foram eliminados 560.924 postos de trabalho, o que representa aumento de 2,3% sobre o registrado no ano anterior (548.461).<\/p>\n<p>De um total de dez segmentos pesquisados, os que mais enxugaram o quadro foram: vestu\u00e1rio, tecidos e cal\u00e7ados (-2.901); concession\u00e1rias de ve\u00edculos (-2.419); materiais de constru\u00e7\u00e3o (-1.241); lojas de autope\u00e7as e acess\u00f3rios (-958) e lojas de eletrodom\u00e9sticos e eletroeletr\u00f4nicos (-613).<\/p>\n<p>Em sentido oposto, os segmentos que mais abriram vagas foram: supermercados (10.524) e farm\u00e1cias e perfumarias (2.676).<\/p>\n<p>Por meio de nota, a FecomercioSP destacou que \u201cos empres\u00e1rios preferiram manter o seu quadro de empregados com pequenos ajustes\u201d.<\/p>\n<p>A nota acrescenta que \u201co t\u00edmido crescimento pode ser atribu\u00eddo a fatores como a perda de confian\u00e7a por parte dos agentes econ\u00f4micos (tanto consumidores como empres\u00e1rios) no c\u00e1lculo dos \u00faltimos 12 meses, al\u00e9m da persistente press\u00e3o nos pre\u00e7os e da estagna\u00e7\u00e3o da economia\u201d.<\/p>\n<p>Pelas proje\u00e7\u00f5es da entidade, os sinais da economia para 2015 correspondem a um ambiente recessivo diante da necessidade de o governo promover corte nos gastos p\u00fablicos, eleva\u00e7\u00e3o de impostos e da taxa b\u00e1sica de juros, a Selic. Os analistas econ\u00f4micos da FecomercioSP acreditam que, al\u00e9m do baixo crescimento, o pa\u00eds dever\u00e1 enfrentar uma infla\u00e7\u00e3o em torno de 7%, dificultando a cria\u00e7\u00e3o de novos empregos.<\/p>\n<p>Marli Moreira &#8211; Rep\u00f3rter da Ag\u00eancia Brasil<br \/>\nEdi\u00e7\u00e3o: Jos\u00e9 Romildo<\/p>\n","protected":false},"excerpt":{"rendered":"<p>O n\u00edvel de emprego formal ficou est\u00e1vel, no ano passado, no com\u00e9rcio varejista da regi\u00e3o metropolitana de S\u00e3o Paulo, com aumento de 0,8% no total de pessoal ocupado. No ano passado, o n\u00famero de pessoas ocupadas chegou a 1,028 milh\u00e3o. No entanto, o saldo de contrata\u00e7\u00f5es atingiu o menor volume dos \u00faltimos seis anos: obtiveram [&hellip;]<\/p>\n","protected":false},"author":2,"featured_media":57583,"comment_status":"open","ping_status":"closed","sticky":false,"template":"","format":"standard","meta":{"_genesis_hide_title":false,"_genesis_hide_breadcrumbs":false,"_genesis_hide_singular_image":false,"_genesis_hide_footer_widgets":false,"_genesis_custom_body_class":"","_genesis_custom_post_class":"","_genesis_layout":"","_jetpack_memberships_contains_paid_content":false,"footnotes":""},"categories":[22,7],"tags":[],"class_list":{"0":"post-65993","1":"post","2":"type-post","3":"status-publish","4":"format-standard","5":"has-post-thumbnail","7":"category-brasil","8":"category-economia","9":"entry","10":"gs-1","11":"gs-odd","12":"gs-even","13":"gs-featured-content-entry"},"jetpack_featured_media_url":"https:\/\/www.redenoticia.com.br\/noticia\/imagens\/economia-grafico.jpg","jetpack_sharing_enabled":true,"jetpack_likes_enabled":true,"_links":{"self":[{"href":"https:\/\/www.redenoticia.com.br\/noticia\/wp-json\/wp\/v2\/posts\/65993","targetHints":{"allow":["GET"]}}],"collection":[{"href":"https:\/\/www.redenoticia.com.br\/noticia\/wp-json\/wp\/v2\/posts"}],"about":[{"href":"https:\/\/www.redenoticia.com.br\/noticia\/wp-json\/wp\/v2\/types\/post"}],"author":[{"embeddable":true,"href":"https:\/\/www.redenoticia.com.br\/noticia\/wp-json\/wp\/v2\/users\/2"}],"replies":[{"embeddable":true,"href":"https:\/\/www.redenoticia.com.br\/noticia\/wp-json\/wp\/v2\/comments?post=65993"}],"version-history":[{"count":0,"href":"https:\/\/www.redenoticia.com.br\/noticia\/wp-json\/wp\/v2\/posts\/65993\/revisions"}],"wp:featuredmedia":[{"embeddable":true,"href":"https:\/\/www.redenoticia.com.br\/noticia\/wp-json\/wp\/v2\/media\/57583"}],"wp:attachment":[{"href":"https:\/\/www.redenoticia.com.br\/noticia\/wp-json\/wp\/v2\/media?parent=65993"}],"wp:term":[{"taxonomy":"category","embeddable":true,"href":"https:\/\/www.redenoticia.com.br\/noticia\/wp-json\/wp\/v2\/categories?post=65993"},{"taxonomy":"post_tag","embeddable":true,"href":"https:\/\/www.redenoticia.com.br\/noticia\/wp-json\/wp\/v2\/tags?post=65993"}],"curies":[{"name":"wp","href":"https:\/\/api.w.org\/{rel}","templated":true}]}}