{"id":65989,"date":"2015-02-05T16:45:28","date_gmt":"2015-02-05T18:45:28","guid":{"rendered":"http:\/\/www.redenoticia.com.br\/noticia\/?p=65989"},"modified":"2015-02-05T16:45:28","modified_gmt":"2015-02-05T18:45:28","slug":"doe-sangue-e-ajude-a-reforcar-o-estoque-no-carnaval","status":"publish","type":"post","link":"https:\/\/www.redenoticia.com.br\/noticia\/2015\/doe-sangue-e-ajude-a-reforcar-o-estoque-no-carnaval\/65989","title":{"rendered":"Doe sangue e ajude a refor\u00e7ar o estoque no Carnaval"},"content":{"rendered":"<p>N\u00e3o \u00e9 todo mundo que viaja no Carnaval. Muitas pessoas que permanecem na cidade nesses dias aproveitam a ocasi\u00e3o para colocar em dia a <strong><em>doa\u00e7\u00e3o de sangue<\/em><\/strong>. Contudo, os candidatos devem atentar para o funcionamento dos postos de coleta da Pr\u00f3-Sangue, pois as unidades operar\u00e3o em hor\u00e1rios diferenciados.<\/p>\n<p>Veja a seguir como ser\u00e1 o atendimento da Pr\u00f3-Sangue nos dias que antecedem a grande festa de Carnaval.<\/p>\n<p>07 de fevereiro, s\u00e1bado<br \/>\nPosto Cl\u00ednicas: das 8 \u00e0s 18 horas<br \/>\nPosto Barueri: fechado<br \/>\nPosto Dante: das 8 \u00e0s 16 horas<br \/>\nPosto Mandaqui: fechado<br \/>\nPosto Osasco: das 8 \u00e0s 16 horas<br \/>\nPosto Pedreira: das 7:30 \u00e0s 16:30 horas<\/p>\n<p>08 de fevereiro, domingo<br \/>\nPosto Cl\u00ednicas: fechado<br \/>\nPosto Barueri: fechado<br \/>\nPosto Dante: fechado<br \/>\nPosto Mandaqui: fechado<br \/>\nPosto Osasco: fechado<br \/>\nPosto Pedreira: fechado<\/p>\n<p>14 de fevereiro, s\u00e1bado<br \/>\nPosto Cl\u00ednicas: das 8 \u00e0s 18 horas<br \/>\nPosto Barueri: fechado<br \/>\nPosto Dante: das 8 \u00e0s 16 horas<br \/>\nPosto Mandaqui: fechado<br \/>\nPosto Osasco: fechado<br \/>\nPosto Pedreira: fechado<\/p>\n<p>15 de fevereiro, domingo<br \/>\nPosto Cl\u00ednicas: das 8 \u00e0s 13 horas<br \/>\nPosto Barueri: fechado<br \/>\nPosto Dante: fechado<br \/>\nPosto Mandaqui: fechado<br \/>\nPosto Osasco: fechado<br \/>\nPosto Pedreira: fechado<\/p>\n<p>16 de fevereiro, segunda-feira<br \/>\nPosto Cl\u00ednicas: das 8 \u00e0s 18 horas<br \/>\nPosto Barueri: fechado<br \/>\nPosto Dante: das 8 \u00e0s 17 horas<br \/>\nPosto Mandaqui: das 12:45 \u00e0s 18 horas<br \/>\nPosto Osasco: das 8 \u00e0s 16:30 horas<br \/>\nPosto Pedreira: das 07:30 \u00e0s 12:30 horas<\/p>\n<p>17 de fevereiro, ter\u00e7a-feira\u00a0 (Carnaval)<br \/>\nPosto Cl\u00ednicas: das 8 \u00e0s 18 horas<br \/>\nPosto Barueri: fechado<br \/>\nPosto Dante: fechado<br \/>\nPosto Mandaqui: fechado<br \/>\nPosto Osasco: fechado<br \/>\nPosto Pedreira: fechado<\/p>\n<p>18 de fevereiro, quarta-feira\u00a0 (Quarta-Feira de Cinzas)<br \/>\nPosto Cl\u00ednicas: das 8 \u00e0s 19 horas<br \/>\nPosto Barueri: das 13 \u00e0s 17 horas<br \/>\nPosto Dante: das 13 \u00e0s 17 horas<br \/>\nPosto Mandaqui: das 13 \u00e0s 18 horas<br \/>\nPosto Osasco: das 13 \u00e0s 16:30 horas<br \/>\nPosto Pedreira: fechado<\/p>\n<p>Do Portal do Governo do Estado SP<\/p>\n","protected":false},"excerpt":{"rendered":"<p>N\u00e3o \u00e9 todo mundo que viaja no Carnaval. Muitas pessoas que permanecem na cidade nesses dias aproveitam a ocasi\u00e3o para colocar em dia a doa\u00e7\u00e3o de sangue. Contudo, os candidatos devem atentar para o funcionamento dos postos de coleta da Pr\u00f3-Sangue, pois as unidades operar\u00e3o em hor\u00e1rios diferenciados. Veja a seguir como ser\u00e1 o atendimento [&hellip;]<\/p>\n","protected":false},"author":2,"featured_media":18520,"comment_status":"open","ping_status":"closed","sticky":false,"template":"","format":"standard","meta":{"_genesis_hide_title":false,"_genesis_hide_breadcrumbs":false,"_genesis_hide_singular_image":false,"_genesis_hide_footer_widgets":false,"_genesis_custom_body_class":"","_genesis_custom_post_class":"","_genesis_layout":"","_jetpack_memberships_contains_paid_content":false,"footnotes":""},"categories":[22],"tags":[],"class_list":{"0":"post-65989","1":"post","2":"type-post","3":"status-publish","4":"format-standard","5":"has-post-thumbnail","7":"category-brasil","8":"entry","9":"gs-1","10":"gs-odd","11":"gs-even","12":"gs-featured-content-entry"},"jetpack_featured_media_url":"https:\/\/www.redenoticia.com.br\/noticia\/imagens\/doa\u00e7\u00e3o-de-sangue.jpg","jetpack_sharing_enabled":true,"jetpack_likes_enabled":true,"_links":{"self":[{"href":"https:\/\/www.redenoticia.com.br\/noticia\/wp-json\/wp\/v2\/posts\/65989","targetHints":{"allow":["GET"]}}],"collection":[{"href":"https:\/\/www.redenoticia.com.br\/noticia\/wp-json\/wp\/v2\/posts"}],"about":[{"href":"https:\/\/www.redenoticia.com.br\/noticia\/wp-json\/wp\/v2\/types\/post"}],"author":[{"embeddable":true,"href":"https:\/\/www.redenoticia.com.br\/noticia\/wp-json\/wp\/v2\/users\/2"}],"replies":[{"embeddable":true,"href":"https:\/\/www.redenoticia.com.br\/noticia\/wp-json\/wp\/v2\/comments?post=65989"}],"version-history":[{"count":0,"href":"https:\/\/www.redenoticia.com.br\/noticia\/wp-json\/wp\/v2\/posts\/65989\/revisions"}],"wp:featuredmedia":[{"embeddable":true,"href":"https:\/\/www.redenoticia.com.br\/noticia\/wp-json\/wp\/v2\/media\/18520"}],"wp:attachment":[{"href":"https:\/\/www.redenoticia.com.br\/noticia\/wp-json\/wp\/v2\/media?parent=65989"}],"wp:term":[{"taxonomy":"category","embeddable":true,"href":"https:\/\/www.redenoticia.com.br\/noticia\/wp-json\/wp\/v2\/categories?post=65989"},{"taxonomy":"post_tag","embeddable":true,"href":"https:\/\/www.redenoticia.com.br\/noticia\/wp-json\/wp\/v2\/tags?post=65989"}],"curies":[{"name":"wp","href":"https:\/\/api.w.org\/{rel}","templated":true}]}}