{"id":65985,"date":"2015-02-05T16:34:19","date_gmt":"2015-02-05T18:34:19","guid":{"rendered":"http:\/\/www.redenoticia.com.br\/noticia\/?p=65985"},"modified":"2015-02-05T16:34:19","modified_gmt":"2015-02-05T18:34:19","slug":"vai-viajar-no-carnaval-dicas-de-seguranca-das-bagagens","status":"publish","type":"post","link":"https:\/\/www.redenoticia.com.br\/noticia\/2015\/vai-viajar-no-carnaval-dicas-de-seguranca-das-bagagens\/65985","title":{"rendered":"Vai viajar no Carnaval? Dicas de seguran\u00e7a das bagagens"},"content":{"rendered":"<p>Com a chegada do <em><strong>Carnaval<\/strong><\/em>, o n\u00famero de passageiros aumenta nas rodovi\u00e1rias e aeroportos. A bagagem merece aten\u00e7\u00e3o especial, n\u00e3o s\u00f3 na hora de prepar\u00e1-la para a viagem, mas tamb\u00e9m no momento do embarque e desembarque. O blog\u00a0\u00a0da Funda\u00e7\u00e3o Procon-SP, preparou algumas dicas aos consumidores.<\/p>\n<p>Dicas<\/p>\n<p>No transporte rodovi\u00e1rio, identifique a mala por dentro e por fora com o nome da cidade de origem e de destino e carregue os documentos pessoais e objetos de valor, como joias, celulares e computadores, na bagagem de m\u00e3o. Em caso de extravio da bagagem, registre a ocorr\u00eancia na empresa e entre em contato com a ANTT (Ag\u00eancia Nacional de Transportes Terrestres).<\/p>\n<p>No transporte a\u00e9reo, malas, sacolas, pacotes ou bolsas de m\u00e3o devem ser identificadas, dentro e fora, com etiquetas que contenham seu nome, endere\u00e7o completo e telefone. Ap\u00f3s o check-in, a empresa a\u00e9rea torna-se respons\u00e1vel pela sua bagagem e deve indeniz\u00e1-lo em caso de extravio ou danos.<\/p>\n<p>Tanto para viagens a\u00e9reas ou terrestres, \u00e9 importante identificar a mala por dentro e por fora com o nome da cidade de origem e de destino. Amarrar la\u00e7os ou len\u00e7os ajuda a reconhecer a bagagem.<\/p>\n<p>N\u00e3o esque\u00e7a<\/p>\n<p>\u00c9 importante guardar o comprovante emitido pela companhia a\u00e9rea ou empresa de \u00f4nibus. Excesso de bagagem pode ser cobrado. \u00c9 preciso ver com anteced\u00eancia o limite de peso ou volume determinado pelas empresas. Levar documentos e objetos de valor na bagagem de m\u00e3o. Em caso de problema, procure a empresa respons\u00e1vel pelo transporte.<\/p>\n<p>Do Portal do Governo do Estado<\/p>\n","protected":false},"excerpt":{"rendered":"<p>Com a chegada do Carnaval, o n\u00famero de passageiros aumenta nas rodovi\u00e1rias e aeroportos. A bagagem merece aten\u00e7\u00e3o especial, n\u00e3o s\u00f3 na hora de prepar\u00e1-la para a viagem, mas tamb\u00e9m no momento do embarque e desembarque. O blog\u00a0\u00a0da Funda\u00e7\u00e3o Procon-SP, preparou algumas dicas aos consumidores. Dicas No transporte rodovi\u00e1rio, identifique a mala por dentro e [&hellip;]<\/p>\n","protected":false},"author":2,"featured_media":38085,"comment_status":"open","ping_status":"closed","sticky":false,"template":"","format":"standard","meta":{"_genesis_hide_title":false,"_genesis_hide_breadcrumbs":false,"_genesis_hide_singular_image":false,"_genesis_hide_footer_widgets":false,"_genesis_custom_body_class":"","_genesis_custom_post_class":"","_genesis_layout":"","_jetpack_memberships_contains_paid_content":false,"footnotes":""},"categories":[22],"tags":[],"class_list":{"0":"post-65985","1":"post","2":"type-post","3":"status-publish","4":"format-standard","5":"has-post-thumbnail","7":"category-brasil","8":"entry","9":"gs-1","10":"gs-odd","11":"gs-even","12":"gs-featured-content-entry"},"jetpack_featured_media_url":"https:\/\/www.redenoticia.com.br\/noticia\/imagens\/carnaval.jpg","jetpack_sharing_enabled":true,"jetpack_likes_enabled":true,"_links":{"self":[{"href":"https:\/\/www.redenoticia.com.br\/noticia\/wp-json\/wp\/v2\/posts\/65985","targetHints":{"allow":["GET"]}}],"collection":[{"href":"https:\/\/www.redenoticia.com.br\/noticia\/wp-json\/wp\/v2\/posts"}],"about":[{"href":"https:\/\/www.redenoticia.com.br\/noticia\/wp-json\/wp\/v2\/types\/post"}],"author":[{"embeddable":true,"href":"https:\/\/www.redenoticia.com.br\/noticia\/wp-json\/wp\/v2\/users\/2"}],"replies":[{"embeddable":true,"href":"https:\/\/www.redenoticia.com.br\/noticia\/wp-json\/wp\/v2\/comments?post=65985"}],"version-history":[{"count":0,"href":"https:\/\/www.redenoticia.com.br\/noticia\/wp-json\/wp\/v2\/posts\/65985\/revisions"}],"wp:featuredmedia":[{"embeddable":true,"href":"https:\/\/www.redenoticia.com.br\/noticia\/wp-json\/wp\/v2\/media\/38085"}],"wp:attachment":[{"href":"https:\/\/www.redenoticia.com.br\/noticia\/wp-json\/wp\/v2\/media?parent=65985"}],"wp:term":[{"taxonomy":"category","embeddable":true,"href":"https:\/\/www.redenoticia.com.br\/noticia\/wp-json\/wp\/v2\/categories?post=65985"},{"taxonomy":"post_tag","embeddable":true,"href":"https:\/\/www.redenoticia.com.br\/noticia\/wp-json\/wp\/v2\/tags?post=65985"}],"curies":[{"name":"wp","href":"https:\/\/api.w.org\/{rel}","templated":true}]}}