{"id":65239,"date":"2015-02-20T23:18:47","date_gmt":"2015-02-21T01:18:47","guid":{"rendered":"http:\/\/www.redenoticia.com.br\/noticia\/?p=65239"},"modified":"2018-08-13T10:42:14","modified_gmt":"2018-08-13T13:42:14","slug":"bbb-15-o-big-fone-ou-votacoes-surpresa-podem-alterar-o-paredao","status":"publish","type":"post","link":"https:\/\/www.redenoticia.com.br\/noticia\/2015\/bbb-15-o-big-fone-ou-votacoes-surpresa-podem-alterar-o-paredao\/65239","title":{"rendered":"\u201cBBB\u201d 15: o Big Fone pode alterar o pared\u00e3o"},"content":{"rendered":"<p><a href=\"https:\/\/www.redenoticia.com.br\/noticia\/imagens\/bbb_enquete_votacao.jpg\"><img loading=\"lazy\" decoding=\"async\" class=\"alignleft size-medium wp-image-64479\" src=\"https:\/\/www.redenoticia.com.br\/noticia\/imagens\/bbb_enquete_votacao-187x187.jpg\" alt=\"bbb_enquete_votacao\" width=\"187\" height=\"187\" srcset=\"https:\/\/www.redenoticia.com.br\/noticia\/imagens\/bbb_enquete_votacao-187x187.jpg 187w, https:\/\/www.redenoticia.com.br\/noticia\/imagens\/bbb_enquete_votacao.jpg 300w, https:\/\/www.redenoticia.com.br\/noticia\/imagens\/bbb_enquete_votacao-150x150.jpg 150w, https:\/\/www.redenoticia.com.br\/noticia\/imagens\/bbb_enquete_votacao-110x110.jpg 110w, https:\/\/www.redenoticia.com.br\/noticia\/imagens\/bbb_enquete_votacao-50x50.jpg 50w\" sizes=\"auto, (max-width: 187px) 100vw, 187px\" \/><\/a><strong><em>&#8220;BBB&#8221; Big Fone<\/em><\/strong> 15: no &#8220;Voc\u00ea no Controle&#8221; desta semana, voc\u00ea manda no xerife, o telefone mais temido do Brasil. Qual vai ser o texto do <strong><em>Big Fone<\/em><\/strong>? O que vai acontecer com quem atender ao Big Fone?&#8221;. O Big Fone vai tocar no domingo, minutos antes da forma\u00e7\u00e3o de Pared\u00e3o. E quem decide a mensagem do Big Fone \u00e9 o resultado da vota\u00e7\u00e3o &#8220;Voc\u00ea no Controle&#8221;. S\u00e3o duas op\u00e7\u00f5es: \u201cVoc\u00ea est\u00e1 no Pared\u00e3o\u201d ou \u201cMande algu\u00e9m para o Pared\u00e3o\u201d.<\/p>\n<p><a href=\"https:\/\/www.redenoticia.com.br\/noticia\/2015\/bbb-15-votacao-na-enquete-voce-no-controle\/66376\">Vote \u201cBBB\u201d 15: enquete sobre Big Fone no Voc\u00ea no Controle<\/a><br \/>\n&#8212;<br \/>\nNesta edi\u00e7\u00e3o o Pared\u00e3o continua sendo formado no domingo. O primeiro passo \u00e9 o an\u00fancio da decis\u00e3o do Anjo, que elege quem vai ficar imune. Na sequ\u00eancia, \u00e9 a vez de o L\u00edder indicar um participante que vai direto para o Pared\u00e3o. Em seguida, os outros confinados, inclusive o indicado pelo L\u00edder, v\u00e3o ao confession\u00e1rio anunciar seus votos. O voto \u00e9 individual e pode ser secreto ou n\u00e3o. Em caso de empate, cabe ao L\u00edder sacramentar quem estar\u00e1 na berlinda. Vale ressaltar que a\u00e7\u00f5es como o Big Fone ou vota\u00e7\u00f5es surpresa podem alterar a din\u00e2mica natural do programa e o pared\u00e3o.<\/p>\n<p>O eliminado \u00e9 anunciado na ter\u00e7a-feira. No dia seguinte, mais uma festa anima a casa &#8220;BBB&#8221;.<\/p>\n<p>A cada semana, da abertura do Pared\u00e3o no domingo at\u00e9 o programa de ter\u00e7a-feira, o p\u00fablico decide qual dos jogadores indicados deve deixar a casa. A vota\u00e7\u00e3o \u00e9 realizada pela internet, telefone, mensagem de celular ou atrav\u00e9s do aplicativo do BBB.<\/p>\n<p>&#8212;<br \/>\nConcorrentes que entraram na casa em 20\/01: Adrilles, 40 anos, escritor de Belo Horizonte (MG); Amanda, 28 anos, empres\u00e1ria de S\u00e3o Paulo (SP); Ang\u00e9lica, 33 anos, auxiliar de enfermagem de Embu das Artes (SP); C\u00e9zar, 30 anos, estudante de direito de Guarapuava (PR); Douglas, 29 anos, motoboy de S\u00e3o Paulo (SP); Fernando, 32 anos, produtor cultural do Rio de Janeiro (RJ); Francieli, 36 anos, conciliadora criminal de Porto Alegre (RS); Luan, 23 anos, gerente de sal\u00e3o de beleza de Mesquita (RJ); Marco, 35 anos, te\u00f3logo de Curitiba (PR); Mariza, 51 anos, professora de artes de Recife (PE); Rafael, 21 anos, estudante de administra\u00e7\u00e3o de Vit\u00f3ria (ES); Talita, 22 anos, aeromo\u00e7a de Goi\u00e2nia (GO); e Tamires, 24 anos, cirurgi\u00e3 dentista de S\u00e3o Paulo (SP).<\/p>\n<p>Fonte \u201cBBB\u201d 15<\/p>\n","protected":false},"excerpt":{"rendered":"<p>&#8220;BBB&#8221; Big Fone 15: no &#8220;Voc\u00ea no Controle&#8221; desta semana, voc\u00ea manda no xerife, o telefone mais temido do Brasil. Qual vai ser o texto do Big Fone? O que vai acontecer com quem atender ao Big Fone?&#8221;. O Big Fone vai tocar no domingo, minutos antes da forma\u00e7\u00e3o de Pared\u00e3o. E quem decide a [&hellip;]<\/p>\n","protected":false},"author":2,"featured_media":64481,"comment_status":"open","ping_status":"closed","sticky":false,"template":"","format":"standard","meta":{"_genesis_hide_title":false,"_genesis_hide_breadcrumbs":false,"_genesis_hide_singular_image":false,"_genesis_hide_footer_widgets":false,"_genesis_custom_body_class":"","_genesis_custom_post_class":"","_genesis_layout":"","_jetpack_memberships_contains_paid_content":false,"footnotes":""},"categories":[520,375,343],"tags":[],"class_list":{"0":"post-65239","1":"post","2":"type-post","3":"status-publish","4":"format-standard","5":"has-post-thumbnail","7":"category-big-brother-brasil","8":"category-rede-globo","9":"category-televisao","10":"entry","11":"gs-1","12":"gs-odd","13":"gs-even","14":"gs-featured-content-entry"},"jetpack_featured_media_url":"https:\/\/www.redenoticia.com.br\/noticia\/imagens\/bbb_noticia_globo.jpg","jetpack_sharing_enabled":true,"jetpack_likes_enabled":true,"_links":{"self":[{"href":"https:\/\/www.redenoticia.com.br\/noticia\/wp-json\/wp\/v2\/posts\/65239","targetHints":{"allow":["GET"]}}],"collection":[{"href":"https:\/\/www.redenoticia.com.br\/noticia\/wp-json\/wp\/v2\/posts"}],"about":[{"href":"https:\/\/www.redenoticia.com.br\/noticia\/wp-json\/wp\/v2\/types\/post"}],"author":[{"embeddable":true,"href":"https:\/\/www.redenoticia.com.br\/noticia\/wp-json\/wp\/v2\/users\/2"}],"replies":[{"embeddable":true,"href":"https:\/\/www.redenoticia.com.br\/noticia\/wp-json\/wp\/v2\/comments?post=65239"}],"version-history":[{"count":0,"href":"https:\/\/www.redenoticia.com.br\/noticia\/wp-json\/wp\/v2\/posts\/65239\/revisions"}],"wp:featuredmedia":[{"embeddable":true,"href":"https:\/\/www.redenoticia.com.br\/noticia\/wp-json\/wp\/v2\/media\/64481"}],"wp:attachment":[{"href":"https:\/\/www.redenoticia.com.br\/noticia\/wp-json\/wp\/v2\/media?parent=65239"}],"wp:term":[{"taxonomy":"category","embeddable":true,"href":"https:\/\/www.redenoticia.com.br\/noticia\/wp-json\/wp\/v2\/categories?post=65239"},{"taxonomy":"post_tag","embeddable":true,"href":"https:\/\/www.redenoticia.com.br\/noticia\/wp-json\/wp\/v2\/tags?post=65239"}],"curies":[{"name":"wp","href":"https:\/\/api.w.org\/{rel}","templated":true}]}}