{"id":65233,"date":"2015-01-21T01:26:26","date_gmt":"2015-01-21T03:26:26","guid":{"rendered":"http:\/\/www.redenoticia.com.br\/noticia\/?p=65233"},"modified":"2018-08-13T10:42:16","modified_gmt":"2018-08-13T13:42:16","slug":"bbb-15-principais-premios-desta-edicao","status":"publish","type":"post","link":"https:\/\/www.redenoticia.com.br\/noticia\/2015\/bbb-15-principais-premios-desta-edicao\/65233","title":{"rendered":"&#8220;BBB&#8221; 15: principais pr\u00eamios do programa"},"content":{"rendered":"<p><a href=\"https:\/\/www.redenoticia.com.br\/noticia\/imagens\/bbb_noticia_globo.jpg\"><img loading=\"lazy\" decoding=\"async\" class=\"alignleft size-medium wp-image-64481\" src=\"https:\/\/www.redenoticia.com.br\/noticia\/imagens\/bbb_noticia_globo-187x187.jpg\" alt=\"bbb_noticia_globo\" width=\"187\" height=\"187\" srcset=\"https:\/\/www.redenoticia.com.br\/noticia\/imagens\/bbb_noticia_globo-187x187.jpg 187w, https:\/\/www.redenoticia.com.br\/noticia\/imagens\/bbb_noticia_globo.jpg 300w, https:\/\/www.redenoticia.com.br\/noticia\/imagens\/bbb_noticia_globo-150x150.jpg 150w, https:\/\/www.redenoticia.com.br\/noticia\/imagens\/bbb_noticia_globo-110x110.jpg 110w, https:\/\/www.redenoticia.com.br\/noticia\/imagens\/bbb_noticia_globo-50x50.jpg 50w\" sizes=\"auto, (max-width: 187px) 100vw, 187px\" \/><\/a><strong><em>&#8220;BBB&#8221; 15<\/em><\/strong>: nesta edi\u00e7\u00e3o do &#8220;BBB&#8221; o vencedor ganha o pr\u00eamio principal de R$ 1,5 milh\u00e3o, livre de impostos. O segundo e terceiro colocados levam para casa, respectivamente, R$ 150 mil e R$ 50 mil. A cada conquista, o L\u00edder ganha R$ 10 mil.<\/p>\n<p>Concorrentes que entraram na casa em 20\/01: Adrilles, 40 anos, escritor de Belo Horizonte (MG); Amanda, 28 anos, empres\u00e1ria de S\u00e3o Paulo (SP); Ang\u00e9lica, 33 anos, auxiliar de enfermagem de Embu das Artes (SP); C\u00e9zar, 30 anos, estudante de direito de Guarapuava (PR); Douglas, 29 anos, motoboy de S\u00e3o Paulo (SP); Fernando, 32 anos, produtor cultural do Rio de Janeiro (RJ); Francieli, 36 anos, conciliadora criminal de Porto Alegre (RS); Luan, 23 anos, gerente de sal\u00e3o de beleza de Mesquita (RJ); Marco, 35 anos, te\u00f3logo de Curitiba (PR); Mariza, 51 anos, professora de artes de Recife (PE); Rafael, 21 anos, estudante de administra\u00e7\u00e3o de Vit\u00f3ria (ES); Talita, 22 anos, aeromo\u00e7a de Goi\u00e2nia (GO); e Tamires, 24 anos, cirurgi\u00e3 dentista de S\u00e3o Paulo (SP).<\/p>\n<p>Fonte &#8220;BBB&#8221; 15<\/p>\n","protected":false},"excerpt":{"rendered":"<p>&#8220;BBB&#8221; 15: nesta edi\u00e7\u00e3o do &#8220;BBB&#8221; o vencedor ganha o pr\u00eamio principal de R$ 1,5 milh\u00e3o, livre de impostos. O segundo e terceiro colocados levam para casa, respectivamente, R$ 150 mil e R$ 50 mil. A cada conquista, o L\u00edder ganha R$ 10 mil. Concorrentes que entraram na casa em 20\/01: Adrilles, 40 anos, escritor [&hellip;]<\/p>\n","protected":false},"author":2,"featured_media":64478,"comment_status":"open","ping_status":"closed","sticky":false,"template":"","format":"standard","meta":{"_genesis_hide_title":false,"_genesis_hide_breadcrumbs":false,"_genesis_hide_singular_image":false,"_genesis_hide_footer_widgets":false,"_genesis_custom_body_class":"","_genesis_custom_post_class":"","_genesis_layout":"","_jetpack_memberships_contains_paid_content":false,"footnotes":""},"categories":[520,375,343],"tags":[],"class_list":{"0":"post-65233","1":"post","2":"type-post","3":"status-publish","4":"format-standard","5":"has-post-thumbnail","7":"category-big-brother-brasil","8":"category-rede-globo","9":"category-televisao","10":"entry","11":"gs-1","12":"gs-odd","13":"gs-even","14":"gs-featured-content-entry"},"jetpack_featured_media_url":"https:\/\/www.redenoticia.com.br\/noticia\/imagens\/bbb_paredao_votacao_enquete.jpg","jetpack_sharing_enabled":true,"jetpack_likes_enabled":true,"_links":{"self":[{"href":"https:\/\/www.redenoticia.com.br\/noticia\/wp-json\/wp\/v2\/posts\/65233","targetHints":{"allow":["GET"]}}],"collection":[{"href":"https:\/\/www.redenoticia.com.br\/noticia\/wp-json\/wp\/v2\/posts"}],"about":[{"href":"https:\/\/www.redenoticia.com.br\/noticia\/wp-json\/wp\/v2\/types\/post"}],"author":[{"embeddable":true,"href":"https:\/\/www.redenoticia.com.br\/noticia\/wp-json\/wp\/v2\/users\/2"}],"replies":[{"embeddable":true,"href":"https:\/\/www.redenoticia.com.br\/noticia\/wp-json\/wp\/v2\/comments?post=65233"}],"version-history":[{"count":0,"href":"https:\/\/www.redenoticia.com.br\/noticia\/wp-json\/wp\/v2\/posts\/65233\/revisions"}],"wp:featuredmedia":[{"embeddable":true,"href":"https:\/\/www.redenoticia.com.br\/noticia\/wp-json\/wp\/v2\/media\/64478"}],"wp:attachment":[{"href":"https:\/\/www.redenoticia.com.br\/noticia\/wp-json\/wp\/v2\/media?parent=65233"}],"wp:term":[{"taxonomy":"category","embeddable":true,"href":"https:\/\/www.redenoticia.com.br\/noticia\/wp-json\/wp\/v2\/categories?post=65233"},{"taxonomy":"post_tag","embeddable":true,"href":"https:\/\/www.redenoticia.com.br\/noticia\/wp-json\/wp\/v2\/tags?post=65233"}],"curies":[{"name":"wp","href":"https:\/\/api.w.org\/{rel}","templated":true}]}}