{"id":64668,"date":"2015-01-08T18:01:20","date_gmt":"2015-01-08T20:01:20","guid":{"rendered":"http:\/\/www.redenoticia.com.br\/noticia\/?p=64668"},"modified":"2015-01-08T18:16:13","modified_gmt":"2015-01-08T20:16:13","slug":"hospital-centrinho-usp-abre-edital-para-mestrado-e-doutorado","status":"publish","type":"post","link":"https:\/\/www.redenoticia.com.br\/noticia\/2015\/hospital-centrinho-usp-abre-edital-para-mestrado-e-doutorado\/64668","title":{"rendered":"Hospital Centrinho-USP abre edital para mestrado e doutorado"},"content":{"rendered":"<p> Ag\u00eancia FAPESP \u2013 O Hospital de Reabilita\u00e7\u00e3o de Anomalias Craniofaciais (HRAC\/Centrinho) da Universidade de S\u00e3o Paulo (USP), em Bauru, abriu processo seletivo com 20 vagas para o Programa de <strong><em>P\u00f3s-Gradua\u00e7\u00e3o em Ci\u00eancias da Reabilita\u00e7\u00e3o<\/em><\/strong>, sendo 10 para mestrado e 10 para doutorado.<\/p>\n<p>Os cursos t\u00eam por objetivo a forma\u00e7\u00e3o de recursos humanos qualificados na \u00e1rea de concentra\u00e7\u00e3o Fissuras Orofaciais e Anomalias Relacionadas e est\u00e1 voltado a profissionais de medicina, odontologia, fonoaudiologia, gen\u00e9tica, psicologia e \u00e1reas afins da sa\u00fade e educa\u00e7\u00e3o.<\/p>\n<p>O Programa tem sete linhas de pesquisa: Abordagem Cl\u00ednica e Instrumental dos Dist\u00farbios da Comunica\u00e7\u00e3o e Alimenta\u00e7\u00e3o; Aspectos Psicossociais e Educacionais da Reabilita\u00e7\u00e3o; Diagn\u00f3stico, Interven\u00e7\u00f5es e Cuidados; Fun\u00e7\u00f5es e Disfun\u00e7\u00f5es do Sistema Estomatogn\u00e1tico e das Vias A\u00e9reas Superiores; Morfologia, Crescimento e Desenvolvimento Craniofacial; Preven\u00e7\u00e3o e Gen\u00e9tica; e Reabilita\u00e7\u00e3o das Deformidades Dentomaxilofaciais.<\/p>\n<p>Os candidatos devem ter forma\u00e7\u00e3o superior compat\u00edvel com as linhas de pesquisa do Programa, disponibilidade de dedica\u00e7\u00e3o integral \u00e0s atividades do curso e profici\u00eancia em l\u00edngua inglesa. O processo de sele\u00e7\u00e3o inclui prova espec\u00edfica, question\u00e1rios escritos, al\u00e9m de discuss\u00e3o e an\u00e1lise curricular.<\/p>\n<p>As inscri\u00e7\u00f5es ser\u00e3o recebidas no per\u00edodo de 12 a 23 de janeiro de 2015, de segunda a sexta-feira, das 9h \u00e0s 11h ou das 14h \u00e0s 16h, na Secretaria de P\u00f3s-Gradua\u00e7\u00e3o do Centrinho-USP, que fica na Rua S\u00edlvio Marchione, 3-20, Vila Universit\u00e1ria, Bauru (SP), CEP 17012-900.<\/p>\n<p>Tamb\u00e9m ser\u00e3o recebidas inscri\u00e7\u00f5es pelo correio, com data de postagem at\u00e9 o dia 22 de janeiro.<\/p>\n<p>O edital completo est\u00e1 dispon\u00edvel para consulta em  (Processo Seletivo).<\/p>\n<p>Mais informa\u00e7\u00f5es:  ou (14) 3235-8434.<\/p>\n","protected":false},"excerpt":{"rendered":"<p>Ag\u00eancia FAPESP \u2013 O Hospital de Reabilita\u00e7\u00e3o de Anomalias Craniofaciais (HRAC\/Centrinho) da Universidade de S\u00e3o Paulo (USP), em Bauru, abriu processo seletivo com 20 vagas para o Programa de P\u00f3s-Gradua\u00e7\u00e3o em Ci\u00eancias da Reabilita\u00e7\u00e3o, sendo 10 para mestrado e 10 para doutorado. Os cursos t\u00eam por objetivo a forma\u00e7\u00e3o de recursos humanos qualificados na \u00e1rea [&hellip;]<\/p>\n","protected":false},"author":2,"featured_media":57579,"comment_status":"open","ping_status":"closed","sticky":false,"template":"","format":"standard","meta":{"_genesis_hide_title":false,"_genesis_hide_breadcrumbs":false,"_genesis_hide_singular_image":false,"_genesis_hide_footer_widgets":false,"_genesis_custom_body_class":"","_genesis_custom_post_class":"","_genesis_layout":"","_jetpack_memberships_contains_paid_content":false,"footnotes":""},"categories":[22,351,370],"tags":[],"class_list":{"0":"post-64668","1":"post","2":"type-post","3":"status-publish","4":"format-standard","5":"has-post-thumbnail","7":"category-brasil","8":"category-cursos","9":"category-inscricao","10":"entry","11":"gs-1","12":"gs-odd","13":"gs-even","14":"gs-featured-content-entry"},"jetpack_featured_media_url":"https:\/\/www.redenoticia.com.br\/noticia\/imagens\/saude3.jpg","jetpack_sharing_enabled":true,"jetpack_likes_enabled":true,"_links":{"self":[{"href":"https:\/\/www.redenoticia.com.br\/noticia\/wp-json\/wp\/v2\/posts\/64668","targetHints":{"allow":["GET"]}}],"collection":[{"href":"https:\/\/www.redenoticia.com.br\/noticia\/wp-json\/wp\/v2\/posts"}],"about":[{"href":"https:\/\/www.redenoticia.com.br\/noticia\/wp-json\/wp\/v2\/types\/post"}],"author":[{"embeddable":true,"href":"https:\/\/www.redenoticia.com.br\/noticia\/wp-json\/wp\/v2\/users\/2"}],"replies":[{"embeddable":true,"href":"https:\/\/www.redenoticia.com.br\/noticia\/wp-json\/wp\/v2\/comments?post=64668"}],"version-history":[{"count":0,"href":"https:\/\/www.redenoticia.com.br\/noticia\/wp-json\/wp\/v2\/posts\/64668\/revisions"}],"wp:featuredmedia":[{"embeddable":true,"href":"https:\/\/www.redenoticia.com.br\/noticia\/wp-json\/wp\/v2\/media\/57579"}],"wp:attachment":[{"href":"https:\/\/www.redenoticia.com.br\/noticia\/wp-json\/wp\/v2\/media?parent=64668"}],"wp:term":[{"taxonomy":"category","embeddable":true,"href":"https:\/\/www.redenoticia.com.br\/noticia\/wp-json\/wp\/v2\/categories?post=64668"},{"taxonomy":"post_tag","embeddable":true,"href":"https:\/\/www.redenoticia.com.br\/noticia\/wp-json\/wp\/v2\/tags?post=64668"}],"curies":[{"name":"wp","href":"https:\/\/api.w.org\/{rel}","templated":true}]}}