{"id":64477,"date":"2015-01-21T01:25:53","date_gmt":"2015-01-21T03:25:53","guid":{"rendered":"http:\/\/www.redenoticia.com.br\/noticia\/?p=64477"},"modified":"2018-08-13T10:29:46","modified_gmt":"2018-08-13T13:29:46","slug":"bbb-15-perfil-oficial-no-twitter-mudou","status":"publish","type":"post","link":"https:\/\/www.redenoticia.com.br\/noticia\/2015\/bbb-15-perfil-oficial-no-twitter-mudou\/64477","title":{"rendered":"&#8220;BBB&#8221; 15: concorrentes desta edi\u00e7\u00e3o"},"content":{"rendered":"<p><strong><em>&#8220;BBB&#8221; 15<\/em><\/strong>: o bailarino Rog\u00e9rio desistiu do programa. O\u00a0curitibano Marco, de 35 anos, \u00e9 o novo participante que entra no lugar de Rog\u00e9rio. Aline, de 24 anos, de Belo Horizonte, e J\u00falia, de 23 anos, brasiliense, criada desde pequena em Vit\u00f3ria (ES), entraram em 21\/01 para disputarem a \u00faltima vaga do \u201cBBB\u201d 15.<\/p>\n<p>Concorrentes do &#8220;BBB&#8221;15<\/p>\n<p>Adrilles &#8211; 40 anos &#8211; Escritor de Belo Horizonte, BH;<br \/>\nIzilda Megda Jorge Reis \u00e9 a m\u00e3e do poeta mineiro Adrilles. &#8220;O Adrilles \u00e9 uma inc\u00f3gnita: um poeta inteligent\u00edssimo. Mas que eu vou conhec\u00ea-lo dentro do Big Brother&#8221;, confessa. O mineiro concorda com a m\u00e3e: &#8220;Sempre tive uma rela\u00e7\u00e3o um pouco atabalhoada com ela. A gente tem certos conflitos&#8221;. Adrilles mora com a m\u00e3e Izilda e o padrasto Vitor. Os pais de Adrilles se separaram quando ele tinha 2 anos. Desde ent\u00e3o, o brother perdeu contato com o pai, que atualmente mora em S\u00e3o Paulo. A m\u00e3e tem um namorado: Vitor, de 40 anos, mesma idade de Adrilles e 17 anos mais jovem que ela. Os tr\u00eas moram na mesma casa, e o poeta conta que a rela\u00e7\u00e3o com o padrasto \u00e9 tranquila e de muita troca. &#8220;Somos da mesma gera\u00e7\u00e3o, mas muito diferentes. Ele cozinha muito bem e eu n\u00e3o sei fritar um ovo&#8221;, define.<\/p>\n<p>&nbsp;<\/p>\n<p>Amanda &#8211; 28 anos &#8211; Empres\u00e1ria de S\u00e3o Paulo, SP;<br \/>\nA paulistana Amanda tem uma paix\u00e3o declarada por bichos. A empres\u00e1ria de 28 anos \u00e9 dona de uma loja de produtos populares. A fam\u00edlia, por parte de pai tem sua origem na Arm\u00eania e junto com essas ra\u00edzes vieram v\u00e1rias caracter\u00edsticas. Amanda se diz p\u00e9 no ch\u00e3o, explosiva e de sangue quente \u2013 que n\u00e3o a deixa levar desaforo para casa.<\/p>\n<p>&nbsp;<\/p>\n<p>&nbsp;<\/p>\n<p>&nbsp;<\/p>\n<p>Ang\u00e9lica &#8211; 33 anos &#8211; Auxiliar de Enfermagem de Embu das Artes, SP;<br \/>\nAng\u00e9lica tira pelo menos uma selfie por dia: sozinha, com os filhos (ela tem dois), com a m\u00e3e ou no trabalho, quase sempre exibindo seu visual peculiar, com a cabe\u00e7a raspada. Ang\u00e9lica \u00e9 auxiliar de enfermagem, dona de casa e m\u00e3e. Al\u00e9m dessas tarefas, a sister ainda consegue tempo para uma carreira paralela: a de modelo.<\/p>\n<p>&nbsp;<\/p>\n<p>&nbsp;<\/p>\n<p>&nbsp;<\/p>\n<p>C\u00e9zar &#8211; 30 anos &#8211; Estudante de Direito de Guarapuava, PR;<br \/>\nC\u00e9zar, 30 anos, \u00e9 o terceiro de quatro irm\u00e3os. Vem de uma fam\u00edlia muito pobre. C\u00e9zar \u00e9 graduado em Economia e atualmente tamb\u00e9m cursa a faculdade de Direito. Janete, a mais velha, se formou em Pedagogia e acaba de passar em um concurso p\u00fablico municipal. A ca\u00e7ula Eliete estuda Recursos Humanos. A \u00fanica exce\u00e7\u00e3o \u00e9 o segundo filho, Edson, que, mesmo sem diploma, trabalha em dois hospitais na cidade de Guarapuava. C\u00e9zar se dedica muito aos estudos e quer ser delegado. Ele ainda mora na mesma resid\u00eancia para qual se mudou aos 13 anos, usa o mesmo fog\u00e3o \u00e0 lenha e cuida do pai, enquanto dona Maria trabalha como dom\u00e9stica em Londrina e visita a fam\u00edlia de 15 em 15 dias.<\/p>\n<p>&nbsp;<\/p>\n<p>&nbsp;<\/p>\n<p>Douglas &#8211; 29 anos &#8211; Motoboy de S\u00e3o Paulo, SP;<br \/>\nO paulista Douglas \u00e9 motoboy, tem 29 anos e \u00e9 vaidoso. Ele adora roupas de marca, sempre planeja seus visuais com anteced\u00eancia e tem o h\u00e1bito de compartilhar seu look do dia nas redes sociais: \u201cDesde menino, sempre gostei de comprar roupa. \u00c9 um hobby que eu levo a s\u00e9rio\u201d. Solteiro, filho ca\u00e7ula de uma fam\u00edlia de tr\u00eas irm\u00e3os, Douglas morou na Vila Madalena at\u00e9 os nove anos, depois se mudou para o Jardim Jo\u00e3o XXIII, tamb\u00e9m em S\u00e3o Paulo, onde mora com o pai e uma irm\u00e3. Sua m\u00e3e, com quem tinha uma grande rela\u00e7\u00e3o de cumplicidade, faleceu h\u00e1 tr\u00eas anos de c\u00e2ncer. O paulista \u201cfam\u00edlia\u201d sonha em ser famoso no mundo da moda.<\/p>\n<p>&nbsp;<\/p>\n<p>&nbsp;<\/p>\n<p>Fernando &#8211; 32 anos &#8211; Produtor Cultural do Rio de Janeiro, RJ;<br \/>\nO carioca Fernando \u00e9 solteiro e atualmente mora com a m\u00e3ezona. O produtor cultural j\u00e1 trabalhou no exterior vendendo quentinhas e pizzas. O brother est\u00e1 correndo de cas\u00f3rio, mas torce para ter pimpolhos. Solteiro, com 93kg distribu\u00eddos em 1,90m de altura e uma beleza marcante, ele faz sucesso com as mulheres.<\/p>\n<p>&nbsp;<\/p>\n<p>&nbsp;<\/p>\n<p>&nbsp;<\/p>\n<p>Francieli &#8211; 36 anos &#8211; Conciliadora Criminal de Porto Alegre, RS;<br \/>\nA ga\u00facha Francieli, Ju\u00edza conciliadora criminal, chama aten\u00e7\u00e3o pela beleza e pelo temperamento forte. Falante e el\u00e9trica, Francieli esta sempre antenada em tudo, adora puxar papo e admite ser uma pessoa cheia de manias estranhas.<\/p>\n<p>&nbsp;<\/p>\n<p>&nbsp;<\/p>\n<p>&nbsp;<\/p>\n<p>&nbsp;<\/p>\n<p>Luan &#8211; 23 anos &#8211; Gerente de Sal\u00e3o de Beleza de Mesquita, RJ;<br \/>\nLuan, de apenas 23 anos, \u00e9 pai de uma filha de 1 ano e gerencia um sal\u00e3o de beleza. De uma fam\u00edlia humilde, muito unida e festeira, Luan cuida da casa e da m\u00e3e, que tem alguns problemas de sa\u00fade. Mora com ela em Mesquita, na Baixada Fluminense, e \u00e9 vizinho de v\u00e1rios familiares. Chegou a morar com a m\u00e3e de sua filha, mas hoje vivem em casas separadas. Morador de Mesquita (RJ), ainda n\u00e3o conseguiu ingressar em uma faculdade.<\/p>\n<p>&nbsp;<\/p>\n<p>&nbsp;<\/p>\n<p>Marco &#8211; 35 anos &#8211; Te\u00f3logo de Curitiba, PR;<br \/>\nMarco passou pela Aeron\u00e1utica e por uma faculdade de Engenharia Civil. Foi campe\u00e3o brasileiro de p\u00f4quer, em 2009, e disputou o mundial em Las Vegas, nos Estados Unidos. Depois disso, Marco buscou ref\u00fagio na f\u00e9 e foi estudar Teologia. Marco vive com sua esposa Karina, os enteados Marco Aur\u00e9lio e Murilo, e o primeiro filho do casal, Alexandre.<\/p>\n<p>&nbsp;<\/p>\n<p>&nbsp;<\/p>\n<p>&nbsp;<\/p>\n<p>Mariza &#8211; 51 anos &#8211; Professora de Artes de Recife, PE;<br \/>\nO amor e o tempo presente est\u00e3o em tudo o que Mariza faz. A pernambucana, de 51 anos, se dedicou ao bal\u00e9 na juventude at\u00e9 a chegada do primeiro filho, Caio. Depois se reinventou, cuidando de uma barraca de tapioca, at\u00e9 chegar no mosaico e nas aulas de arte para crian\u00e7as e adolescentes. Hoje, ela \u00e9 professora em duas escolas particulares e vende suas pe\u00e7as de arte em pelo menos duas lojas. Jo\u00e3o Eduardo, o segundo filho, chegou dez anos depois do primog\u00eanito. Mariza tem um jeito todo especial para falar dos filhos e se define como m\u00e3e superprotetora. Com um ano de idade ela perdeu a m\u00e3e no parto do s\u00e9timo filho.<\/p>\n<p>&nbsp;<\/p>\n<p>&nbsp;<\/p>\n<p>Rafael &#8211; 21 anos &#8211; Estudante de Administra\u00e7\u00e3o de Vit\u00f3ria, ES;<br \/>\nRafael gosta da praia. Praticar esporte \u00e9 seu grande prazer. Tanto que, durante cinco anos, o futebol foi sua profiss\u00e3o. Aos 16, Rafael deixou de morar com os pais para ser jogador. \u201cTive que ficar sem a mordomia de casa, mas comecei a ter meu pr\u00f3prio sal\u00e1rio desde cedo\u201d. Foram anos de muito esfor\u00e7o, mas tamb\u00e9m de frusta\u00e7\u00f5es que o fizeram mudar de planos. Ele voltou a morar com os pais, fez vestibular para Administra\u00e7\u00e3o e quando estava se preparando para come\u00e7ar a faculdade&#8230; Veio o BBB para mudar os planos dele.<\/p>\n<p>&nbsp;<\/p>\n<p>&nbsp;<\/p>\n<p>&nbsp;<\/p>\n<p>Desistiu.<\/p>\n<p><del>Rog\u00e9rio &#8211; 45 anos &#8211; Bailarino de Recife, PE;<\/del><br \/>\n<del> Rog\u00e9rio \u00e9 um canceriano, ora professor de dan\u00e7a, ora designer. Ele transita pelas artes e pelas religi\u00f5es buscando sua express\u00e3o e seu autoconhecimento. Sua inquietude se manifestou bem cedo \u2013 com cinco anos de idade ele j\u00e1 se fazia questionamentos filos\u00f3ficos. Filho de pai mec\u00e2nico e m\u00e3e dona de casa, Rog\u00e9rio diz que foi um filho complicado, que dava muito trabalho em casa. Ele e a irm\u00e3 mais velha brigavam bastante, e os dois s\u00f3 sossegaram depois da chegada da irm\u00e3 ca\u00e7ula.<\/del><\/p>\n<p>&nbsp;<\/p>\n<p>&nbsp;<\/p>\n<p>Talita &#8211; 22 anos &#8211; Aeromo\u00e7a de Goi\u00e2nia, GO;<br \/>\nA aeromo\u00e7a Talita j\u00e1 conheceu muitos lugares. Ela diz com orgulho que tudo o que conquistou foi com a pr\u00f3pria determina\u00e7\u00e3o, mas sabe valorizar a educa\u00e7\u00e3o que recebeu da m\u00e3e e o apoio conquistado da amiga Let\u00edcia, com quem divide apartamento em Salvador. H\u00e1 quatro anos como aeromo\u00e7a, agora seu sonho \u00e9 pilotar um avi\u00e3o. Criada pela m\u00e3e \u2013 o pai saiu de casa quando ela ainda era muito pequena \u2013 tem um irm\u00e3o mais velho. Casou-se jovem, aos 17 anos, mas o relacionamento n\u00e3o durou muito tempo: ela \u00e9 divorciada h\u00e1 tr\u00eas anos.<\/p>\n<p>&nbsp;<\/p>\n<p>&nbsp;<\/p>\n<p>Tamires &#8211; 24 anos &#8211; Cirurgi\u00e3 Dentista de S\u00e3o Paulo, SP.<br \/>\nTamires engordou 40 quilos quando ficou gr\u00e1vida. Alta e magra, a dentista conta que teve de superar uma depress\u00e3o para dar a volta por cima. Tamires pensou em estudar R\u00e1dio e TV, mas o contato com amigos de Odontologia a fez mudar de ideia. Tamires se casou, se converteu ao islamismo para tal, e engravidou, mas n\u00e3o desistiu do curso.<\/p>\n<p>&nbsp;<\/p>\n<p>&nbsp;<\/p>\n<p>&nbsp;<\/p>\n<p>Fonte e imagem<\/p>\n<p>&#8212;<br \/>\nO\u00a0perfil oficial do &#8220;BBB&#8221; no twitter mudou. Agora est\u00e1 mais f\u00e1cil: @bbb.<\/p>\n<p>O\u00a0programa tamb\u00e9m vai radicalizar o\u00a0confinamento.\u00a0&#8220;Vai juntar a inoc\u00eancia dos primeiros Big Brothers com uma maturidade dos realizadores que somos hoje\u201d, disse\u00a0Bial ao site oficial.<\/p>\n<p>O reality deste ano contar\u00e1 com a presen\u00e7a de Rodrigo Dourado como diretor-geral. Boninho ficar\u00e1 na supervis\u00e3o \u00e0 dist\u00e2ncia do programa. Pedro Bial segue na apresenta\u00e7\u00e3o do &#8220;BBB&#8221; 15, que ser\u00e1 exibido at\u00e9 abril de 2015.<\/p>\n<p>E j\u00e1 est\u00e3o abertas as . A Rede Globo anunciou em seu site oficial que, quem n\u00e3o se inscreveu na vers\u00e3o deste ano, j\u00e1 pode acelerar o processo para 2016.<\/p>\n","protected":false},"excerpt":{"rendered":"<p>&#8220;BBB&#8221; 15: o bailarino Rog\u00e9rio desistiu do programa. O\u00a0curitibano Marco, de 35 anos, \u00e9 o novo participante que entra no lugar de Rog\u00e9rio. Aline, de 24 anos, de Belo Horizonte, e J\u00falia, de 23 anos, brasiliense, criada desde pequena em Vit\u00f3ria (ES), entraram em 21\/01 para disputarem a \u00faltima vaga do \u201cBBB\u201d 15. Concorrentes do [&hellip;]<\/p>\n","protected":false},"author":2,"featured_media":64481,"comment_status":"open","ping_status":"closed","sticky":false,"template":"","format":"standard","meta":{"_genesis_hide_title":false,"_genesis_hide_breadcrumbs":false,"_genesis_hide_singular_image":false,"_genesis_hide_footer_widgets":false,"_genesis_custom_body_class":"","_genesis_custom_post_class":"","_genesis_layout":"","_jetpack_memberships_contains_paid_content":false,"footnotes":""},"categories":[520,375,343],"tags":[],"class_list":{"0":"post-64477","1":"post","2":"type-post","3":"status-publish","4":"format-standard","5":"has-post-thumbnail","7":"category-big-brother-brasil","8":"category-rede-globo","9":"category-televisao","10":"entry","11":"gs-1","12":"gs-odd","13":"gs-even","14":"gs-featured-content-entry"},"jetpack_featured_media_url":"https:\/\/www.redenoticia.com.br\/noticia\/imagens\/bbb_noticia_globo.jpg","jetpack_sharing_enabled":true,"jetpack_likes_enabled":true,"_links":{"self":[{"href":"https:\/\/www.redenoticia.com.br\/noticia\/wp-json\/wp\/v2\/posts\/64477","targetHints":{"allow":["GET"]}}],"collection":[{"href":"https:\/\/www.redenoticia.com.br\/noticia\/wp-json\/wp\/v2\/posts"}],"about":[{"href":"https:\/\/www.redenoticia.com.br\/noticia\/wp-json\/wp\/v2\/types\/post"}],"author":[{"embeddable":true,"href":"https:\/\/www.redenoticia.com.br\/noticia\/wp-json\/wp\/v2\/users\/2"}],"replies":[{"embeddable":true,"href":"https:\/\/www.redenoticia.com.br\/noticia\/wp-json\/wp\/v2\/comments?post=64477"}],"version-history":[{"count":0,"href":"https:\/\/www.redenoticia.com.br\/noticia\/wp-json\/wp\/v2\/posts\/64477\/revisions"}],"wp:featuredmedia":[{"embeddable":true,"href":"https:\/\/www.redenoticia.com.br\/noticia\/wp-json\/wp\/v2\/media\/64481"}],"wp:attachment":[{"href":"https:\/\/www.redenoticia.com.br\/noticia\/wp-json\/wp\/v2\/media?parent=64477"}],"wp:term":[{"taxonomy":"category","embeddable":true,"href":"https:\/\/www.redenoticia.com.br\/noticia\/wp-json\/wp\/v2\/categories?post=64477"},{"taxonomy":"post_tag","embeddable":true,"href":"https:\/\/www.redenoticia.com.br\/noticia\/wp-json\/wp\/v2\/tags?post=64477"}],"curies":[{"name":"wp","href":"https:\/\/api.w.org\/{rel}","templated":true}]}}