{"id":64179,"date":"2014-12-26T02:41:05","date_gmt":"2014-12-26T04:41:05","guid":{"rendered":"http:\/\/www.redenoticia.com.br\/noticia\/?p=64179"},"modified":"2014-12-25T20:41:27","modified_gmt":"2014-12-25T22:41:27","slug":"cenario-de-2015-ainda-e-indefinido-para-setor-de-distribuicao-de-combustiveis","status":"publish","type":"post","link":"https:\/\/www.redenoticia.com.br\/noticia\/2014\/cenario-de-2015-ainda-e-indefinido-para-setor-de-distribuicao-de-combustiveis\/64179","title":{"rendered":"Cen\u00e1rio de 2015 ainda \u00e9 indefinido para setor de distribui\u00e7\u00e3o de combust\u00edveis"},"content":{"rendered":"<p> O balan\u00e7o sobre o crescimento de vendas das distribuidoras de <strong><em>combust\u00edveis<\/em><\/strong> foi positivo em 2014. Entretanto, o presidente do Sindicato Nacional das Empresas Distribuidoras de Combust\u00edveis e de Lubrificantes (Sindicom), Alisio Vaz, informou que as indefini\u00e7\u00f5es na economia tornam o cen\u00e1rio nacional para 2015 uma inc\u00f3gnita para o setor.<\/p>\n<p>As vendas das empresas associadas ao Sindicom totalizaram 105 bilh\u00f5es de litros comercializados este ano, representando expans\u00e3o de 6,1% em rela\u00e7\u00e3o a 2013. \u201cO mercado como um todo cresceu aproximadamente 5%\u201d, salientou Vaz.<\/p>\n<p> Segundo ele, relativamente ao volume de vendas, 2014 foi um ano surpreendente, apesar da baixa atividade econ\u00f4mica nacional. A gasolina foi o produto que mais se destacou, com expans\u00e3o de 7,7% nas vendas. No per\u00edodo, as empresas filiadas ao Sindicom comercializaram 33 bilh\u00f5es de litros de gasolina,  \u201cmostrando o efeito do crescimento da frota de autom\u00f3veis (em torno de 3%) e da manuten\u00e7\u00e3o  do poder de compra das fam\u00edlias\u201d.<\/p>\n<p>Em rela\u00e7\u00e3o ao etanol hidratado, Vaz informou que, gra\u00e7as \u00e0 atua\u00e7\u00e3o da Ag\u00eancia Nacional do Petr\u00f3leo, G\u00e1s Natural e Biocombust\u00edveis (ANP), os problemas resultantes da subnotifica\u00e7\u00e3o do volume de vendas por algumas empresas j\u00e1 foi resolvido.<\/p>\n<p>De acordo com o sindicato, o desempenho do etanol hidratado em 2014 foi impulsionado pela desonera\u00e7\u00e3o, em 2013, do Programa de Integra\u00e7\u00e3o Social (PIS)  e da Contribui\u00e7\u00e3o para Financiamento da Seguridade Social (Confins), tornando a concorr\u00eancia equilibrada. Com isso, as vendas subiram 11,1%, somando 7,9 bilh\u00f5es de litros. Alisio Vaz disse, por\u00e9m, que, se forem computados os n\u00fameros efetivos de produ\u00e7\u00e3o, o crescimento fica entre 2% e 2,5%.<\/p>\n<p>\u201dEm consequ\u00eancia, o combust\u00edvel que se destacou foi a gasolina\u201d, reiterou Vaz. Segundo ele, h\u00e1 predomin\u00e2ncia da gasolina sobre o etanol. \u201c\u00c9 mais econ\u00f4mico para o consumidor em praticamente todos os estados\u201d. Ele ressaltou que s\u00f3 vale a pena consumir etanol se a paridade de pre\u00e7os estiver abaixo de 70%, o que foi identificado em S\u00e3o Paulo, Mato Grosso, Goi\u00e1s e no Paran\u00e1.<\/p>\n<p>Para o presidente do sindicato, caso seja alcan\u00e7ada efici\u00eancia na produ\u00e7\u00e3o de etanol de segunda gera\u00e7\u00e3o, redu\u00e7\u00e3o do pre\u00e7o e o retorno da cobran\u00e7a da  Contribui\u00e7\u00e3o de Interven\u00e7\u00e3o no Dom\u00ednio Econ\u00f4mico (Cide) no pre\u00e7o da gasolina,  provavelmente a rela\u00e7\u00e3o de pre\u00e7o entre os dois combust\u00edveis pode se tornar mais favor\u00e1vel ao etanol, levando o consumidor a optar por ele.<\/p>\n<p>Sobre o cen\u00e1rio para 2015, Vaz sustentou a dificuldade de previs\u00f5es, uma vez que \u201cos pr\u00f3prios economistas t\u00eam d\u00favidas a respeito do comportamento  da economia\u201d. Ele acredita, no entanto, que, diante da amplia\u00e7\u00e3o da frota de autom\u00f3veis, \u201co consumo de gasolina tende a algum crescimento&#8221;. Para ele, a perspectiva de aumento de pre\u00e7os relativos pode afetar a demanda de combust\u00edveis no pa\u00eds.<\/p>\n<p>Segundo Vaz, a maior inc\u00f3gnita para o pr\u00f3ximo ano \u00e9 o diesel, que tem correla\u00e7\u00e3o forte com a expans\u00e3o econ\u00f4mica. Ele acrescentou que, dependendo do comportamento da economia, \u201co consumo do diesel deve crescer\u201d. De acordo com o Sindicom, em 2014, a procura pelo produto subiu 2,9% nas distribuidoras associadas, cujas vendas atingiram 49,3 bilh\u00f5es de litros. <\/p>\n<p>Alana Gandra &#8211; Rep\u00f3rter da Ag\u00eancia Brasil<br \/>\nEdi\u00e7\u00e3o: Armando Cardoso<\/p>\n","protected":false},"excerpt":{"rendered":"<p>O balan\u00e7o sobre o crescimento de vendas das distribuidoras de combust\u00edveis foi positivo em 2014. Entretanto, o presidente do Sindicato Nacional das Empresas Distribuidoras de Combust\u00edveis e de Lubrificantes (Sindicom), Alisio Vaz, informou que as indefini\u00e7\u00f5es na economia tornam o cen\u00e1rio nacional para 2015 uma inc\u00f3gnita para o setor. As vendas das empresas associadas ao [&hellip;]<\/p>\n","protected":false},"author":2,"featured_media":34985,"comment_status":"open","ping_status":"closed","sticky":false,"template":"","format":"standard","meta":{"_genesis_hide_title":false,"_genesis_hide_breadcrumbs":false,"_genesis_hide_singular_image":false,"_genesis_hide_footer_widgets":false,"_genesis_custom_body_class":"","_genesis_custom_post_class":"","_genesis_layout":"","_jetpack_memberships_contains_paid_content":false,"footnotes":""},"categories":[22],"tags":[],"class_list":{"0":"post-64179","1":"post","2":"type-post","3":"status-publish","4":"format-standard","5":"has-post-thumbnail","7":"category-brasil","8":"entry","9":"gs-1","10":"gs-odd","11":"gs-even","12":"gs-featured-content-entry"},"jetpack_featured_media_url":"https:\/\/www.redenoticia.com.br\/noticia\/imagens\/combustivel.jpg","jetpack_sharing_enabled":true,"jetpack_likes_enabled":true,"_links":{"self":[{"href":"https:\/\/www.redenoticia.com.br\/noticia\/wp-json\/wp\/v2\/posts\/64179","targetHints":{"allow":["GET"]}}],"collection":[{"href":"https:\/\/www.redenoticia.com.br\/noticia\/wp-json\/wp\/v2\/posts"}],"about":[{"href":"https:\/\/www.redenoticia.com.br\/noticia\/wp-json\/wp\/v2\/types\/post"}],"author":[{"embeddable":true,"href":"https:\/\/www.redenoticia.com.br\/noticia\/wp-json\/wp\/v2\/users\/2"}],"replies":[{"embeddable":true,"href":"https:\/\/www.redenoticia.com.br\/noticia\/wp-json\/wp\/v2\/comments?post=64179"}],"version-history":[{"count":0,"href":"https:\/\/www.redenoticia.com.br\/noticia\/wp-json\/wp\/v2\/posts\/64179\/revisions"}],"wp:featuredmedia":[{"embeddable":true,"href":"https:\/\/www.redenoticia.com.br\/noticia\/wp-json\/wp\/v2\/media\/34985"}],"wp:attachment":[{"href":"https:\/\/www.redenoticia.com.br\/noticia\/wp-json\/wp\/v2\/media?parent=64179"}],"wp:term":[{"taxonomy":"category","embeddable":true,"href":"https:\/\/www.redenoticia.com.br\/noticia\/wp-json\/wp\/v2\/categories?post=64179"},{"taxonomy":"post_tag","embeddable":true,"href":"https:\/\/www.redenoticia.com.br\/noticia\/wp-json\/wp\/v2\/tags?post=64179"}],"curies":[{"name":"wp","href":"https:\/\/api.w.org\/{rel}","templated":true}]}}