{"id":64175,"date":"2014-12-26T02:36:00","date_gmt":"2014-12-26T04:36:00","guid":{"rendered":"http:\/\/www.redenoticia.com.br\/noticia\/?p=64175"},"modified":"2014-12-25T20:36:27","modified_gmt":"2014-12-25T22:36:27","slug":"proteste-orienta-consumidores-sobre-a-troca-de-presentes","status":"publish","type":"post","link":"https:\/\/www.redenoticia.com.br\/noticia\/2014\/proteste-orienta-consumidores-sobre-a-troca-de-presentes\/64175","title":{"rendered":"Proteste orienta consumidores sobre a troca de presentes"},"content":{"rendered":"<p>De acordo com C\u00f3digo de Defesa do Consumidor, o prazo para <strong><em>trocar bens dur\u00e1veis<\/em><\/strong>, como roupas, brinquedos, rel\u00f3gios e celulares \u00e9 90 dias e para bens n\u00e3o dur\u00e1veis, como alimentos, 30 dias. A advogada Tatiana Viola de Queiroz, da Proteste Associa\u00e7\u00e3o de Consumidores, explica que, se  o consumidor recebeu um presente com algum problema ou defeito, deve procurar a loja onde o produto foi adquirido, o fornecedor ou o fabricante, para fazer a troca, tendo em m\u00e3os a nota fiscal.<\/p>\n<p>Se o produto n\u00e3o apresentar problema, mas o consumidor n\u00e3o tiver gostado da cor, por exemplo, pela lei, o fornecedor n\u00e3o \u00e9 obrigado a efetuar a troca. Tatiana diz que essa troca s\u00f3 \u00e9 poss\u00edvel se o lojista tiver oferecido tal op\u00e7\u00e3o no ato da compra. \u201cA\u00ed, ele se vincula a essa oferta e \u00e9 obrigado a trocar. Nesses casos, o fornecedor pode estabelecer algumas regras para efetivar a troca, como hor\u00e1rio e dia\u201d.<\/p>\n<p>Para as compras feitas fora do estabelecimento comercial, seja pela internet, por telefone ou por cat\u00e1logo, que s\u00e3o aquelas em que o consumidor n\u00e3o tem contato direto com o produto, o prazo para fazer a devolu\u00e7\u00e3o ou solicitar a troca do produto \u00e9 sete dias. \u201cNesses casos, o consumidor nem precisa dizer o motivo pelo qual ele quer trocar ou devolver (o produto)\u201d. Caso o presente adquirido por meio de um desses canais de venda apresente problema, valem as regras de 90 dias para troca de bens dur\u00e1veis e 30 dias para bens n\u00e3o dur\u00e1veis.<\/p>\n<p>A advogada da Proteste diz ainda que, caso o produto n\u00e3o seja entregue, configura-se uma falha na presta\u00e7\u00e3o do servi\u00e7o, e o consumidor pode pedir, se quiser, a devolu\u00e7\u00e3o do dinheiro ou obrigar o fornecedor a fazer a entrega imediata. \u201cSe houver uma quest\u00e3o de dano moral, como ter comprado para o Natal e o presente n\u00e3o chegar, o consumidor pode pleitear, no Juizado Especial C\u00edvel, esses danos morais\u201d.<\/p>\n<p>Caso reivindique a devolu\u00e7\u00e3o do  dinheiro gasto na compra e n\u00e3o receba, o consumidor pode entrar no Juizado Especial C\u00edvel mais pr\u00f3ximo da resid\u00eancia e pleitear o valor de volta. \u201cE, caso entenda, mais os danos morais\u201d, completou Tatiana.<\/p>\n<p>Alana Gandra &#8211; Rep\u00f3rter da Ag\u00eancia Brasil<br \/>\nEdi\u00e7\u00e3o: Jorge Wamburg<\/p>\n","protected":false},"excerpt":{"rendered":"<p>De acordo com C\u00f3digo de Defesa do Consumidor, o prazo para trocar bens dur\u00e1veis, como roupas, brinquedos, rel\u00f3gios e celulares \u00e9 90 dias e para bens n\u00e3o dur\u00e1veis, como alimentos, 30 dias. A advogada Tatiana Viola de Queiroz, da Proteste Associa\u00e7\u00e3o de Consumidores, explica que, se o consumidor recebeu um presente com algum problema ou [&hellip;]<\/p>\n","protected":false},"author":2,"featured_media":34966,"comment_status":"open","ping_status":"closed","sticky":false,"template":"","format":"standard","meta":{"_genesis_hide_title":false,"_genesis_hide_breadcrumbs":false,"_genesis_hide_singular_image":false,"_genesis_hide_footer_widgets":false,"_genesis_custom_body_class":"","_genesis_custom_post_class":"","_genesis_layout":"","_jetpack_memberships_contains_paid_content":false,"footnotes":""},"categories":[22],"tags":[],"class_list":{"0":"post-64175","1":"post","2":"type-post","3":"status-publish","4":"format-standard","5":"has-post-thumbnail","7":"category-brasil","8":"entry","9":"gs-1","10":"gs-odd","11":"gs-even","12":"gs-featured-content-entry"},"jetpack_featured_media_url":"https:\/\/www.redenoticia.com.br\/noticia\/imagens\/fim-da-sacola-plastica.jpg","jetpack_sharing_enabled":true,"jetpack_likes_enabled":true,"_links":{"self":[{"href":"https:\/\/www.redenoticia.com.br\/noticia\/wp-json\/wp\/v2\/posts\/64175","targetHints":{"allow":["GET"]}}],"collection":[{"href":"https:\/\/www.redenoticia.com.br\/noticia\/wp-json\/wp\/v2\/posts"}],"about":[{"href":"https:\/\/www.redenoticia.com.br\/noticia\/wp-json\/wp\/v2\/types\/post"}],"author":[{"embeddable":true,"href":"https:\/\/www.redenoticia.com.br\/noticia\/wp-json\/wp\/v2\/users\/2"}],"replies":[{"embeddable":true,"href":"https:\/\/www.redenoticia.com.br\/noticia\/wp-json\/wp\/v2\/comments?post=64175"}],"version-history":[{"count":0,"href":"https:\/\/www.redenoticia.com.br\/noticia\/wp-json\/wp\/v2\/posts\/64175\/revisions"}],"wp:featuredmedia":[{"embeddable":true,"href":"https:\/\/www.redenoticia.com.br\/noticia\/wp-json\/wp\/v2\/media\/34966"}],"wp:attachment":[{"href":"https:\/\/www.redenoticia.com.br\/noticia\/wp-json\/wp\/v2\/media?parent=64175"}],"wp:term":[{"taxonomy":"category","embeddable":true,"href":"https:\/\/www.redenoticia.com.br\/noticia\/wp-json\/wp\/v2\/categories?post=64175"},{"taxonomy":"post_tag","embeddable":true,"href":"https:\/\/www.redenoticia.com.br\/noticia\/wp-json\/wp\/v2\/tags?post=64175"}],"curies":[{"name":"wp","href":"https:\/\/api.w.org\/{rel}","templated":true}]}}