{"id":64173,"date":"2014-12-26T02:32:14","date_gmt":"2014-12-26T04:32:14","guid":{"rendered":"http:\/\/www.redenoticia.com.br\/noticia\/?p=64173"},"modified":"2014-12-25T20:33:33","modified_gmt":"2014-12-25T22:33:33","slug":"rio-e-sao-paulo-sao-os-destinos-mais-visitados-por-estrangeiros","status":"publish","type":"post","link":"https:\/\/www.redenoticia.com.br\/noticia\/2014\/rio-e-sao-paulo-sao-os-destinos-mais-visitados-por-estrangeiros\/64173","title":{"rendered":"Rio e S\u00e3o Paulo s\u00e3o os destinos mais visitados por estrangeiros"},"content":{"rendered":"<p> As cidades do Rio de Janeiro e de S\u00e3o Paulo lideraram a lista dos <strong><em>destinos mais visitados<\/em><\/strong> por estrangeiros no Brasil. A capital fluminense \u00e9 a preferida dos viajantes de lazer, enquanto a paulista \u00e9 o foco para neg\u00f3cios e eventos, segundo revela pesquisa de demanda internacional do Minist\u00e9rio do Turismo.<\/p>\n<p>Em 2013, um ter\u00e7o dos visitantes internacionais motivados pelas atividades de lazer passaram pela cidade do Rio de Janeiro. Florian\u00f3polis (SC), que aparece em segundo lugar, recebeu 18,7% deste fluxo e Foz do Igua\u00e7u, 17%. Na lista dos dez munic\u00edpios mais visitados a lazer destacam-se, tamb\u00e9m, S\u00e3o Paulo, Arma\u00e7\u00e3o de B\u00fazios (RJ), Bombinhas (SC), Salvador (BA), Balne\u00e1rio Cambori\u00fa (SC) al\u00e9m de Angra dos Reis e Paraty, no Rio de Janeiro.<\/p>\n<p>S\u00e3o Paulo ficou com 47,6% do fluxo de estrangeiros que visitaram o Brasil a neg\u00f3cios ou para participar de eventos ou conven\u00e7\u00f5es. L\u00edder como destino de lazer, o Rio de Janeiro \u00e9 o segundo na prefer\u00eancia tamb\u00e9m do p\u00fablico que vem a trabalho, com 24,4% das indica\u00e7\u00f5es. Na sequ\u00eancia est\u00e3o Curitiba (PR), Porto Alegre (RS), Campinas (SP), Belo Horizonte (MG), Foz do Igua\u00e7u (PR), Bras\u00edlia (DF), Salvador (BA) e Recife (PE).<\/p>\n<p>Em 2013, o Brasil recebeu, no total, cerca de 5,8 milh\u00f5es de visitantes internacionais. Destes, 46,5% foram motivados por atividades de lazer e 25,3% pelos neg\u00f3cios. Outros 21,8% estiveram no pa\u00eds para visitar parentes e amigos.<\/p>\n<p>O Estudo da Demanda Tur\u00edstica Internacional, executado pela Funda\u00e7\u00e3o Instituto de Pesquisas Econ\u00f4micas (Fipe) para o MTur, foi realizado em aeroportos internacionais e nas fronteiras terrestres brasileiras.<\/p>\n","protected":false},"excerpt":{"rendered":"<p>As cidades do Rio de Janeiro e de S\u00e3o Paulo lideraram a lista dos destinos mais visitados por estrangeiros no Brasil. A capital fluminense \u00e9 a preferida dos viajantes de lazer, enquanto a paulista \u00e9 o foco para neg\u00f3cios e eventos, segundo revela pesquisa de demanda internacional do Minist\u00e9rio do Turismo. Em 2013, um ter\u00e7o [&hellip;]<\/p>\n","protected":false},"author":2,"featured_media":39993,"comment_status":"open","ping_status":"closed","sticky":false,"template":"","format":"standard","meta":{"_genesis_hide_title":false,"_genesis_hide_breadcrumbs":false,"_genesis_hide_singular_image":false,"_genesis_hide_footer_widgets":false,"_genesis_custom_body_class":"","_genesis_custom_post_class":"","_genesis_layout":"","_jetpack_memberships_contains_paid_content":false,"footnotes":""},"categories":[22],"tags":[],"class_list":{"0":"post-64173","1":"post","2":"type-post","3":"status-publish","4":"format-standard","5":"has-post-thumbnail","7":"category-brasil","8":"entry","9":"gs-1","10":"gs-odd","11":"gs-even","12":"gs-featured-content-entry"},"jetpack_featured_media_url":"https:\/\/www.redenoticia.com.br\/noticia\/imagens\/viagem-turismo-ferias-mapa.jpg","jetpack_sharing_enabled":true,"jetpack_likes_enabled":true,"_links":{"self":[{"href":"https:\/\/www.redenoticia.com.br\/noticia\/wp-json\/wp\/v2\/posts\/64173","targetHints":{"allow":["GET"]}}],"collection":[{"href":"https:\/\/www.redenoticia.com.br\/noticia\/wp-json\/wp\/v2\/posts"}],"about":[{"href":"https:\/\/www.redenoticia.com.br\/noticia\/wp-json\/wp\/v2\/types\/post"}],"author":[{"embeddable":true,"href":"https:\/\/www.redenoticia.com.br\/noticia\/wp-json\/wp\/v2\/users\/2"}],"replies":[{"embeddable":true,"href":"https:\/\/www.redenoticia.com.br\/noticia\/wp-json\/wp\/v2\/comments?post=64173"}],"version-history":[{"count":0,"href":"https:\/\/www.redenoticia.com.br\/noticia\/wp-json\/wp\/v2\/posts\/64173\/revisions"}],"wp:featuredmedia":[{"embeddable":true,"href":"https:\/\/www.redenoticia.com.br\/noticia\/wp-json\/wp\/v2\/media\/39993"}],"wp:attachment":[{"href":"https:\/\/www.redenoticia.com.br\/noticia\/wp-json\/wp\/v2\/media?parent=64173"}],"wp:term":[{"taxonomy":"category","embeddable":true,"href":"https:\/\/www.redenoticia.com.br\/noticia\/wp-json\/wp\/v2\/categories?post=64173"},{"taxonomy":"post_tag","embeddable":true,"href":"https:\/\/www.redenoticia.com.br\/noticia\/wp-json\/wp\/v2\/tags?post=64173"}],"curies":[{"name":"wp","href":"https:\/\/api.w.org\/{rel}","templated":true}]}}