{"id":64171,"date":"2014-12-26T02:29:26","date_gmt":"2014-12-26T04:29:26","guid":{"rendered":"http:\/\/www.redenoticia.com.br\/noticia\/?p=64171"},"modified":"2014-12-25T20:31:57","modified_gmt":"2014-12-25T22:31:57","slug":"motoristas-podem-relatar-problemas-nas-estradas-por-meio-de-aplicativo","status":"publish","type":"post","link":"https:\/\/www.redenoticia.com.br\/noticia\/2014\/motoristas-podem-relatar-problemas-nas-estradas-por-meio-de-aplicativo\/64171","title":{"rendered":"Motoristas podem relatar problemas nas estradas por meio de aplicativo"},"content":{"rendered":"<p>Os motoristas e passageiros que utilizam as rodovias sob concess\u00e3o em S\u00e3o Paulo j\u00e1 podem utilizar o <em><strong>aplicativo &#8220;Eu vi&#8221;<\/strong><\/em>, dispon\u00edvel para iOS e Android. Lan\u00e7ado h\u00e1 um m\u00eas pela Artesp, a ferramenta permite que motoristas ou passageiros fiscalizem as condi\u00e7\u00f5es das rodovias em tempo real e comuniquem a ARTESP sobre os problemas ou sugira melhoras.<\/p>\n<p>O programa de concess\u00f5es rodovi\u00e1rias paulista abrange os 6,4 mil quil\u00f4metros de pistas sob concess\u00e3o em todas as regi\u00f5es do Estado, como os Sistemas Anhanguera-Bandeirantes, Castello-Raposo, Ayrton Senna-Carvalho Pinto e o Rodoanel, entre outras. O &#8220;Eu-Vi&#8221; j\u00e1 est\u00e1 dispon\u00edvel para os sistemas Android e iOS e a ARTESP est\u00e1 desenvolvendo o app para o Windows a ser lan\u00e7ado em breve.<\/p>\n<p>Seguran\u00e7a<br \/>\nA seguran\u00e7a dos usu\u00e1rios nas rodovias \u00e9 prioridade e o aplicativo respeita a legisla\u00e7\u00e3o vigente. Ao abrir o &#8220;Eu-Vi&#8221; o usu\u00e1rio ser\u00e1 avisado que somente o carona ou outro passageiro pode utilizar o aplicativo com o ve\u00edculo em movimento. O motorista nunca dever\u00e1 utilizar o celular dirigindo, devendo procurar um local seguro e fora da via para relatar a ocorr\u00eancia. Ao usar o aplicativo o motorista n\u00e3o deve se envolver em situa\u00e7\u00f5es de risco que possam comprometer a sua vida e a dos demais motoristas e usu\u00e1rios da rodovia. A ARTESP orienta que os usu\u00e1rios do aplicativo sempre atentem \u00e0s recomenda\u00e7\u00f5es:<\/p>\n<p>&#8211; Nunca dirija usando o celular. Al\u00e9m de colocar vidas em risco, o ato \u00e9 considerado infra\u00e7\u00e3o m\u00e9dia (4 pontos) e pode resultar em multa (R$ 85,13);<\/p>\n<p>&#8211; Quando identificar um problema na rodovia oriente o carona a realizar as imagens e\/ou operar o celular, ou busque um local seguro fora da via (por exemplo, postos de servi\u00e7o) para realizar o registro.<\/p>\n<p>Do Portal do Governo do Estado SP<\/p>\n","protected":false},"excerpt":{"rendered":"<p>Os motoristas e passageiros que utilizam as rodovias sob concess\u00e3o em S\u00e3o Paulo j\u00e1 podem utilizar o aplicativo &#8220;Eu vi&#8221;, dispon\u00edvel para iOS e Android. Lan\u00e7ado h\u00e1 um m\u00eas pela Artesp, a ferramenta permite que motoristas ou passageiros fiscalizem as condi\u00e7\u00f5es das rodovias em tempo real e comuniquem a ARTESP sobre os problemas ou sugira [&hellip;]<\/p>\n","protected":false},"author":2,"featured_media":35207,"comment_status":"open","ping_status":"closed","sticky":false,"template":"","format":"standard","meta":{"_genesis_hide_title":false,"_genesis_hide_breadcrumbs":false,"_genesis_hide_singular_image":false,"_genesis_hide_footer_widgets":false,"_genesis_custom_body_class":"","_genesis_custom_post_class":"","_genesis_layout":"","_jetpack_memberships_contains_paid_content":false,"footnotes":""},"categories":[22],"tags":[],"class_list":{"0":"post-64171","1":"post","2":"type-post","3":"status-publish","4":"format-standard","5":"has-post-thumbnail","7":"category-brasil","8":"entry","9":"gs-1","10":"gs-odd","11":"gs-even","12":"gs-featured-content-entry"},"jetpack_featured_media_url":"https:\/\/www.redenoticia.com.br\/noticia\/imagens\/transito-estradas.jpg","jetpack_sharing_enabled":true,"jetpack_likes_enabled":true,"_links":{"self":[{"href":"https:\/\/www.redenoticia.com.br\/noticia\/wp-json\/wp\/v2\/posts\/64171","targetHints":{"allow":["GET"]}}],"collection":[{"href":"https:\/\/www.redenoticia.com.br\/noticia\/wp-json\/wp\/v2\/posts"}],"about":[{"href":"https:\/\/www.redenoticia.com.br\/noticia\/wp-json\/wp\/v2\/types\/post"}],"author":[{"embeddable":true,"href":"https:\/\/www.redenoticia.com.br\/noticia\/wp-json\/wp\/v2\/users\/2"}],"replies":[{"embeddable":true,"href":"https:\/\/www.redenoticia.com.br\/noticia\/wp-json\/wp\/v2\/comments?post=64171"}],"version-history":[{"count":0,"href":"https:\/\/www.redenoticia.com.br\/noticia\/wp-json\/wp\/v2\/posts\/64171\/revisions"}],"wp:featuredmedia":[{"embeddable":true,"href":"https:\/\/www.redenoticia.com.br\/noticia\/wp-json\/wp\/v2\/media\/35207"}],"wp:attachment":[{"href":"https:\/\/www.redenoticia.com.br\/noticia\/wp-json\/wp\/v2\/media?parent=64171"}],"wp:term":[{"taxonomy":"category","embeddable":true,"href":"https:\/\/www.redenoticia.com.br\/noticia\/wp-json\/wp\/v2\/categories?post=64171"},{"taxonomy":"post_tag","embeddable":true,"href":"https:\/\/www.redenoticia.com.br\/noticia\/wp-json\/wp\/v2\/tags?post=64171"}],"curies":[{"name":"wp","href":"https:\/\/api.w.org\/{rel}","templated":true}]}}