{"id":64168,"date":"2014-12-26T02:28:27","date_gmt":"2014-12-26T04:28:27","guid":{"rendered":"http:\/\/www.redenoticia.com.br\/noticia\/?p=64168"},"modified":"2014-12-25T20:29:16","modified_gmt":"2014-12-25T22:29:16","slug":"site-memoria-do-imigrante-oferece-consulta-sobre-imigrantes","status":"publish","type":"post","link":"https:\/\/www.redenoticia.com.br\/noticia\/2014\/site-memoria-do-imigrante-oferece-consulta-sobre-imigrantes\/64168","title":{"rendered":"Site \u201cMem\u00f3ria do Imigrante\u201d oferece consulta sobre imigrantes"},"content":{"rendered":"<p>A antiga &#8220;Hospedaria de Imigrantes do Br\u00e1s&#8221; foi um dos maiores centros de recep\u00e7\u00e3o de estrangeiros do Brasil. O local, que hoje abriga o Museu da Imigra\u00e7\u00e3o, recebeu mais de dois milh\u00f5es de pessoas entre 1887 e 1978. Diversas nacionalidades est\u00e3o representadas nos documentos que registram a entrada de imigrantes em S\u00e3o Paulo e est\u00e3o dispon\u00edveis para <em><strong><\/strong><\/em>, mantido pelo Arquivo P\u00fablico do Estado. \u00c9 poss\u00edvel pesquisar pelo nome completo ou apenas por nome ou sobrenome.<\/p>\n<p>Pessoas que desembarcaram no Porto de Santos, que deram entrada na Hospedaria de Imigrantes entre 1887 e 1978 ou que foram registradas nos \u00f3rg\u00e3os de fiscaliza\u00e7\u00e3o de estrangeiros em S\u00e3o Paulo entre os anos de 1939 e 1984 foram registradas no acervo disponibilizado pelo Arquivo P\u00fablico.<\/p>\n<p>Os registros dos livros de matr\u00edcula da Hospedaria, desde 1887 at\u00e9 1958 foram transcritos e catalogados. Tamb\u00e9m est\u00e3o nesse banco de dados registros da antiga Hospedaria do Bom Retiro (predecessora da Hospedaria do Br\u00e1s) entre 1882 e 1886.<\/p>\n<p>Do Portal do Governo do Estado SP<\/p>\n","protected":false},"excerpt":{"rendered":"<p>A antiga &#8220;Hospedaria de Imigrantes do Br\u00e1s&#8221; foi um dos maiores centros de recep\u00e7\u00e3o de estrangeiros do Brasil. O local, que hoje abriga o Museu da Imigra\u00e7\u00e3o, recebeu mais de dois milh\u00f5es de pessoas entre 1887 e 1978. Diversas nacionalidades est\u00e3o representadas nos documentos que registram a entrada de imigrantes em S\u00e3o Paulo e est\u00e3o [&hellip;]<\/p>\n","protected":false},"author":2,"featured_media":57577,"comment_status":"open","ping_status":"closed","sticky":false,"template":"","format":"standard","meta":{"_genesis_hide_title":false,"_genesis_hide_breadcrumbs":false,"_genesis_hide_singular_image":false,"_genesis_hide_footer_widgets":false,"_genesis_custom_body_class":"","_genesis_custom_post_class":"","_genesis_layout":"","_jetpack_memberships_contains_paid_content":false,"footnotes":""},"categories":[22],"tags":[],"class_list":{"0":"post-64168","1":"post","2":"type-post","3":"status-publish","4":"format-standard","5":"has-post-thumbnail","7":"category-brasil","8":"entry","9":"gs-1","10":"gs-odd","11":"gs-even","12":"gs-featured-content-entry"},"jetpack_featured_media_url":"https:\/\/www.redenoticia.com.br\/noticia\/imagens\/tecnologia-inscricao.jpg","jetpack_sharing_enabled":true,"jetpack_likes_enabled":true,"_links":{"self":[{"href":"https:\/\/www.redenoticia.com.br\/noticia\/wp-json\/wp\/v2\/posts\/64168","targetHints":{"allow":["GET"]}}],"collection":[{"href":"https:\/\/www.redenoticia.com.br\/noticia\/wp-json\/wp\/v2\/posts"}],"about":[{"href":"https:\/\/www.redenoticia.com.br\/noticia\/wp-json\/wp\/v2\/types\/post"}],"author":[{"embeddable":true,"href":"https:\/\/www.redenoticia.com.br\/noticia\/wp-json\/wp\/v2\/users\/2"}],"replies":[{"embeddable":true,"href":"https:\/\/www.redenoticia.com.br\/noticia\/wp-json\/wp\/v2\/comments?post=64168"}],"version-history":[{"count":0,"href":"https:\/\/www.redenoticia.com.br\/noticia\/wp-json\/wp\/v2\/posts\/64168\/revisions"}],"wp:featuredmedia":[{"embeddable":true,"href":"https:\/\/www.redenoticia.com.br\/noticia\/wp-json\/wp\/v2\/media\/57577"}],"wp:attachment":[{"href":"https:\/\/www.redenoticia.com.br\/noticia\/wp-json\/wp\/v2\/media?parent=64168"}],"wp:term":[{"taxonomy":"category","embeddable":true,"href":"https:\/\/www.redenoticia.com.br\/noticia\/wp-json\/wp\/v2\/categories?post=64168"},{"taxonomy":"post_tag","embeddable":true,"href":"https:\/\/www.redenoticia.com.br\/noticia\/wp-json\/wp\/v2\/tags?post=64168"}],"curies":[{"name":"wp","href":"https:\/\/api.w.org\/{rel}","templated":true}]}}