{"id":64097,"date":"2014-12-23T09:31:50","date_gmt":"2014-12-23T11:31:50","guid":{"rendered":"http:\/\/www.redenoticia.com.br\/noticia\/?p=64097"},"modified":"2014-12-23T09:31:50","modified_gmt":"2014-12-23T11:31:50","slug":"cresce-numero-de-endividados-e-inadimplentes","status":"publish","type":"post","link":"https:\/\/www.redenoticia.com.br\/noticia\/2014\/cresce-numero-de-endividados-e-inadimplentes\/64097","title":{"rendered":"Cresce n\u00famero de endividados e inadimplentes"},"content":{"rendered":"<p> O percentual de fam\u00edlias endividadas e <strong><em>inadimplentes<\/em><\/strong> aumentou em dezembro deste ano na compara\u00e7\u00e3o com o m\u00eas anterior. Apesar disso, houve queda na compara\u00e7\u00e3o com dezembro do ano passado, segundo a Pesquisa Nacional de Endividamento e Inadimpl\u00eancia do Consumidor, da Confedera\u00e7\u00e3o Nacional do Com\u00e9rcio de Bens, Servi\u00e7os e Turismo (CNC).<\/p>\n<p>A propor\u00e7\u00e3o de fam\u00edlias com algum tipo de d\u00edvida ficou em 59,3% em dezembro, acima dos 59,2% de novembro, mas abaixo dos 62,2% de dezembro do ano passado. O percentual de fam\u00edlias muito endividadas passou de 11,6% para 10,8% em compara\u00e7\u00e3o com dezembro de 2013.<\/p>\n<p>A maior parte das d\u00edvidas est\u00e1 relacionada ao uso do cart\u00e3o de cr\u00e9dito (74,6%), aos carn\u00eas (18%), ao financiamento de carros (14,5%) e ao cr\u00e9dito pessoal (9,6%). A maior parte das fam\u00edlias (52,2%) compromete de 11% a 50% de sua renda com d\u00edvidas.<\/p>\n<p>O percentual de fam\u00edlias inadimplentes, com d\u00edvidas ou contas em atraso, ficou em 18,5% em dezembro deste ano. A taxa \u00e9 superior aos 18% de novembro deste ano e inferior aos 20,8% de dezembro do ano passado. O tempo m\u00e9dio de atraso das d\u00edvidas \u00e9 60 dias.<\/p>\n<p>A pesquisa da CNC tamb\u00e9m mostrou o percentual de fam\u00edlias que n\u00e3o ter\u00e3o condi\u00e7\u00f5es de pagar suas d\u00edvidas: 5,8%. O \u00edndice est\u00e1 acima dos 5,5% de novembro deste ano e abaixo dos 6,5% de dezembro do ano passado.<\/p>\n<p>Vitor Abdala &#8211; Rep\u00f3rter da Ag\u00eancia Brasil<br \/>\nEdi\u00e7\u00e3o: Val\u00e9ria Aguiar<\/p>\n","protected":false},"excerpt":{"rendered":"<p>O percentual de fam\u00edlias endividadas e inadimplentes aumentou em dezembro deste ano na compara\u00e7\u00e3o com o m\u00eas anterior. Apesar disso, houve queda na compara\u00e7\u00e3o com dezembro do ano passado, segundo a Pesquisa Nacional de Endividamento e Inadimpl\u00eancia do Consumidor, da Confedera\u00e7\u00e3o Nacional do Com\u00e9rcio de Bens, Servi\u00e7os e Turismo (CNC). A propor\u00e7\u00e3o de fam\u00edlias com [&hellip;]<\/p>\n","protected":false},"author":2,"featured_media":57584,"comment_status":"open","ping_status":"closed","sticky":false,"template":"","format":"standard","meta":{"_genesis_hide_title":false,"_genesis_hide_breadcrumbs":false,"_genesis_hide_singular_image":false,"_genesis_hide_footer_widgets":false,"_genesis_custom_body_class":"","_genesis_custom_post_class":"","_genesis_layout":"","_jetpack_memberships_contains_paid_content":false,"footnotes":""},"categories":[22,7],"tags":[],"class_list":{"0":"post-64097","1":"post","2":"type-post","3":"status-publish","4":"format-standard","5":"has-post-thumbnail","7":"category-brasil","8":"category-economia","9":"entry","10":"gs-1","11":"gs-odd","12":"gs-even","13":"gs-featured-content-entry"},"jetpack_featured_media_url":"https:\/\/www.redenoticia.com.br\/noticia\/imagens\/economia-grafica-analise-inflacao.jpg","jetpack_sharing_enabled":true,"jetpack_likes_enabled":true,"_links":{"self":[{"href":"https:\/\/www.redenoticia.com.br\/noticia\/wp-json\/wp\/v2\/posts\/64097","targetHints":{"allow":["GET"]}}],"collection":[{"href":"https:\/\/www.redenoticia.com.br\/noticia\/wp-json\/wp\/v2\/posts"}],"about":[{"href":"https:\/\/www.redenoticia.com.br\/noticia\/wp-json\/wp\/v2\/types\/post"}],"author":[{"embeddable":true,"href":"https:\/\/www.redenoticia.com.br\/noticia\/wp-json\/wp\/v2\/users\/2"}],"replies":[{"embeddable":true,"href":"https:\/\/www.redenoticia.com.br\/noticia\/wp-json\/wp\/v2\/comments?post=64097"}],"version-history":[{"count":0,"href":"https:\/\/www.redenoticia.com.br\/noticia\/wp-json\/wp\/v2\/posts\/64097\/revisions"}],"wp:featuredmedia":[{"embeddable":true,"href":"https:\/\/www.redenoticia.com.br\/noticia\/wp-json\/wp\/v2\/media\/57584"}],"wp:attachment":[{"href":"https:\/\/www.redenoticia.com.br\/noticia\/wp-json\/wp\/v2\/media?parent=64097"}],"wp:term":[{"taxonomy":"category","embeddable":true,"href":"https:\/\/www.redenoticia.com.br\/noticia\/wp-json\/wp\/v2\/categories?post=64097"},{"taxonomy":"post_tag","embeddable":true,"href":"https:\/\/www.redenoticia.com.br\/noticia\/wp-json\/wp\/v2\/tags?post=64097"}],"curies":[{"name":"wp","href":"https:\/\/api.w.org\/{rel}","templated":true}]}}