{"id":64095,"date":"2014-12-23T09:25:49","date_gmt":"2014-12-23T11:25:49","guid":{"rendered":"http:\/\/www.redenoticia.com.br\/noticia\/?p=64095"},"modified":"2014-12-23T09:25:49","modified_gmt":"2014-12-23T11:25:49","slug":"dados-do-proconsp-indicam-crescimento-de-7-nos-juros-de-emprestimo-pessoal","status":"publish","type":"post","link":"https:\/\/www.redenoticia.com.br\/noticia\/2014\/dados-do-proconsp-indicam-crescimento-de-7-nos-juros-de-emprestimo-pessoal\/64095","title":{"rendered":"Dados do ProconSP indicam crescimento de 7% nos juros de empr\u00e9stimo pessoal"},"content":{"rendered":"<p> Pesquisa do Procon do estado de S\u00e3o Paulo (ProconSP) indica que, em 2014,  a <strong><em>taxa m\u00e9dia de juros<\/em><\/strong> do empr\u00e9stimo pessoal dos bancos alcan\u00e7ou 5,64% ao m\u00eas, um acr\u00e9scimo de 7% em rela\u00e7\u00e3o \u00e0 taxa m\u00e9dia de 2013, de 5,27% mensais. O levantamento considera as taxas do Banco do Brasil, Bradesco, da Caixa Econ\u00f4mica Federal, do HSBC, Ita\u00fa, Safra e Santander.<\/p>\n<p> O banco que apresentou a maior taxa m\u00e9dia anual de empr\u00e9stimo pessoal foi o Santander (6,92% ao m\u00eas). A menor foi a da Caixa Econ\u00f4mica Federal (3,77% ao m\u00eas) e representa uma diferen\u00e7a de 83,55%.<\/p>\n<p>A taxa m\u00e9dia do cheque especial em 2014 chegou a 9,26% ao m\u00eas, acr\u00e9scimo 15,4% em rela\u00e7\u00e3o \u00e0 taxa m\u00e9dia de 2013, de 8,02% mensais. O banco com maior taxa m\u00e9dia anual de cheque especial tamb\u00e9m foi o Santander (11,49% ao m\u00eas), enquanto a menor foi a da Caixa Econ\u00f4mica Federal (5,98%), com varia\u00e7\u00e3o de 92,14%.<\/p>\n<p>O comparativo do ProconSP tem por base pesquisas mensais que captam as taxas de juros m\u00e1ximas prefixadas para as modalidades empr\u00e9stimo pessoal e cheque especial. O per\u00edodo de an\u00e1lise foi de 3 de janeiro a 4 de dezembro deste ano.<\/p>\n<p>\u201cEm geral, as taxas de juros continuam altas e apresentam grandes disparidades. Sendo assim, orientamos o consumidor a refletir sobre a real necessidade de utiliza\u00e7\u00e3o dessas linhas de cr\u00e9dito. Caso haja necessidade de utiliz\u00e1-las, deve-se pesquisar e ler atentamente o contrato, para evitar futuras surpresas\u201d, salientou a nota do ProconSP.<\/p>\n<p>Bruno Bocchini &#8211; Rep\u00f3rter da Ag\u00eancia Brasil<br \/>\nEdi\u00e7\u00e3o: Armando Cardoso<\/p>\n","protected":false},"excerpt":{"rendered":"<p>Pesquisa do Procon do estado de S\u00e3o Paulo (ProconSP) indica que, em 2014, a taxa m\u00e9dia de juros do empr\u00e9stimo pessoal dos bancos alcan\u00e7ou 5,64% ao m\u00eas, um acr\u00e9scimo de 7% em rela\u00e7\u00e3o \u00e0 taxa m\u00e9dia de 2013, de 5,27% mensais. O levantamento considera as taxas do Banco do Brasil, Bradesco, da Caixa Econ\u00f4mica Federal, [&hellip;]<\/p>\n","protected":false},"author":2,"featured_media":57582,"comment_status":"open","ping_status":"closed","sticky":false,"template":"","format":"standard","meta":{"_genesis_hide_title":false,"_genesis_hide_breadcrumbs":false,"_genesis_hide_singular_image":false,"_genesis_hide_footer_widgets":false,"_genesis_custom_body_class":"","_genesis_custom_post_class":"","_genesis_layout":"","_jetpack_memberships_contains_paid_content":false,"footnotes":""},"categories":[22,7],"tags":[],"class_list":{"0":"post-64095","1":"post","2":"type-post","3":"status-publish","4":"format-standard","5":"has-post-thumbnail","7":"category-brasil","8":"category-economia","9":"entry","10":"gs-1","11":"gs-odd","12":"gs-even","13":"gs-featured-content-entry"},"jetpack_featured_media_url":"https:\/\/www.redenoticia.com.br\/noticia\/imagens\/grafico1.jpg","jetpack_sharing_enabled":true,"jetpack_likes_enabled":true,"_links":{"self":[{"href":"https:\/\/www.redenoticia.com.br\/noticia\/wp-json\/wp\/v2\/posts\/64095","targetHints":{"allow":["GET"]}}],"collection":[{"href":"https:\/\/www.redenoticia.com.br\/noticia\/wp-json\/wp\/v2\/posts"}],"about":[{"href":"https:\/\/www.redenoticia.com.br\/noticia\/wp-json\/wp\/v2\/types\/post"}],"author":[{"embeddable":true,"href":"https:\/\/www.redenoticia.com.br\/noticia\/wp-json\/wp\/v2\/users\/2"}],"replies":[{"embeddable":true,"href":"https:\/\/www.redenoticia.com.br\/noticia\/wp-json\/wp\/v2\/comments?post=64095"}],"version-history":[{"count":0,"href":"https:\/\/www.redenoticia.com.br\/noticia\/wp-json\/wp\/v2\/posts\/64095\/revisions"}],"wp:featuredmedia":[{"embeddable":true,"href":"https:\/\/www.redenoticia.com.br\/noticia\/wp-json\/wp\/v2\/media\/57582"}],"wp:attachment":[{"href":"https:\/\/www.redenoticia.com.br\/noticia\/wp-json\/wp\/v2\/media?parent=64095"}],"wp:term":[{"taxonomy":"category","embeddable":true,"href":"https:\/\/www.redenoticia.com.br\/noticia\/wp-json\/wp\/v2\/categories?post=64095"},{"taxonomy":"post_tag","embeddable":true,"href":"https:\/\/www.redenoticia.com.br\/noticia\/wp-json\/wp\/v2\/tags?post=64095"}],"curies":[{"name":"wp","href":"https:\/\/api.w.org\/{rel}","templated":true}]}}