{"id":64093,"date":"2014-12-23T09:23:49","date_gmt":"2014-12-23T11:23:49","guid":{"rendered":"http:\/\/www.redenoticia.com.br\/noticia\/?p=64093"},"modified":"2014-12-23T09:23:49","modified_gmt":"2014-12-23T11:23:49","slug":"mercado-reduz-previsao-de-crescimento-da-economia-para-013-em-2014","status":"publish","type":"post","link":"https:\/\/www.redenoticia.com.br\/noticia\/2014\/mercado-reduz-previsao-de-crescimento-da-economia-para-013-em-2014\/64093","title":{"rendered":"Mercado reduz previs\u00e3o de crescimento da economia para 0,13% em 2014"},"content":{"rendered":"<p> Investidores e analistas do mercado financeiro reduziram novamente a previs\u00e3o para o <strong><em>crescimento da economia<\/em><\/strong> brasileira. A estimativa passou de 0,16% para 0,13%. Os investidores e analistas elevaram tamb\u00e9m a expectativa para a taxa de c\u00e2mbio neste fim de ano, que passou de R$ 2,60 para R$ 2,65.<\/p>\n<p>A perspectiva para os pre\u00e7os administrados, aqueles controlados pelo governo, como da energia el\u00e9trica e da gasolina, tamb\u00e9m aumentou. A expectativa \u00e9 que esses pre\u00e7os subam 5,42% ante os 5,40% previstos na semana anterior. Os n\u00fameros est\u00e3o no Boletim Focus, divulgado semanalmente pelo Banco Central.<\/p>\n<p>Sobre a d\u00edvida l\u00edquida, houve redu\u00e7\u00e3o na estimativa de 35,9% para 35,8% em propor\u00e7\u00e3o ao Produto Interno Bruto (PIB) \u2013 que \u00e9 a soma de bens e servi\u00e7os do pa\u00eds. Por outro lado, no setor externo, o d\u00e9ficit em conta corrente previsto subiu para US$ 86 bilh\u00f5es, ante os US$ 85 bilh\u00f5es divulgados anteriormente, com a balan\u00e7a comercial apresentando resultado negativo em US$ 1,86 bilh\u00e3o e os investimentos estrangeiros diretos mantidos em US$ 60 bilh\u00f5es.<\/p>\n<p>N\u00e3o houve mudan\u00e7a para a previs\u00e3o de infla\u00e7\u00e3o medida pelo \u00cdndice de Pre\u00e7os ao Consumidor Amplo (IPCA), mantida em 6,38%, e para a taxa de c\u00e2mbio, est\u00e1vel em 11,5% ao ano.<\/p>\n<p>Daniel Lima \u2013 Rep\u00f3rter da Ag\u00eancia Brasil<br \/>\nEdi\u00e7\u00e3o: Denise Griesinger<\/p>\n","protected":false},"excerpt":{"rendered":"<p>Investidores e analistas do mercado financeiro reduziram novamente a previs\u00e3o para o crescimento da economia brasileira. A estimativa passou de 0,16% para 0,13%. Os investidores e analistas elevaram tamb\u00e9m a expectativa para a taxa de c\u00e2mbio neste fim de ano, que passou de R$ 2,60 para R$ 2,65. A perspectiva para os pre\u00e7os administrados, aqueles [&hellip;]<\/p>\n","protected":false},"author":2,"featured_media":57585,"comment_status":"open","ping_status":"closed","sticky":false,"template":"","format":"standard","meta":{"_genesis_hide_title":false,"_genesis_hide_breadcrumbs":false,"_genesis_hide_singular_image":false,"_genesis_hide_footer_widgets":false,"_genesis_custom_body_class":"","_genesis_custom_post_class":"","_genesis_layout":"","_jetpack_memberships_contains_paid_content":false,"footnotes":""},"categories":[22,7],"tags":[],"class_list":{"0":"post-64093","1":"post","2":"type-post","3":"status-publish","4":"format-standard","5":"has-post-thumbnail","7":"category-brasil","8":"category-economia","9":"entry","10":"gs-1","11":"gs-odd","12":"gs-even","13":"gs-featured-content-entry"},"jetpack_featured_media_url":"https:\/\/www.redenoticia.com.br\/noticia\/imagens\/analise-economia.jpg","jetpack_sharing_enabled":true,"jetpack_likes_enabled":true,"_links":{"self":[{"href":"https:\/\/www.redenoticia.com.br\/noticia\/wp-json\/wp\/v2\/posts\/64093","targetHints":{"allow":["GET"]}}],"collection":[{"href":"https:\/\/www.redenoticia.com.br\/noticia\/wp-json\/wp\/v2\/posts"}],"about":[{"href":"https:\/\/www.redenoticia.com.br\/noticia\/wp-json\/wp\/v2\/types\/post"}],"author":[{"embeddable":true,"href":"https:\/\/www.redenoticia.com.br\/noticia\/wp-json\/wp\/v2\/users\/2"}],"replies":[{"embeddable":true,"href":"https:\/\/www.redenoticia.com.br\/noticia\/wp-json\/wp\/v2\/comments?post=64093"}],"version-history":[{"count":0,"href":"https:\/\/www.redenoticia.com.br\/noticia\/wp-json\/wp\/v2\/posts\/64093\/revisions"}],"wp:featuredmedia":[{"embeddable":true,"href":"https:\/\/www.redenoticia.com.br\/noticia\/wp-json\/wp\/v2\/media\/57585"}],"wp:attachment":[{"href":"https:\/\/www.redenoticia.com.br\/noticia\/wp-json\/wp\/v2\/media?parent=64093"}],"wp:term":[{"taxonomy":"category","embeddable":true,"href":"https:\/\/www.redenoticia.com.br\/noticia\/wp-json\/wp\/v2\/categories?post=64093"},{"taxonomy":"post_tag","embeddable":true,"href":"https:\/\/www.redenoticia.com.br\/noticia\/wp-json\/wp\/v2\/tags?post=64093"}],"curies":[{"name":"wp","href":"https:\/\/api.w.org\/{rel}","templated":true}]}}