{"id":64091,"date":"2014-12-23T09:17:56","date_gmt":"2014-12-23T11:17:56","guid":{"rendered":"http:\/\/www.redenoticia.com.br\/noticia\/?p=64091"},"modified":"2014-12-23T09:17:56","modified_gmt":"2014-12-23T11:17:56","slug":"deficit-na-balanca-comercial-ja-passa-de-us-47-bilhoes","status":"publish","type":"post","link":"https:\/\/www.redenoticia.com.br\/noticia\/2014\/deficit-na-balanca-comercial-ja-passa-de-us-47-bilhoes\/64091","title":{"rendered":"D\u00e9ficit na balan\u00e7a comercial j\u00e1 passa de US$ 4,7 bilh\u00f5es"},"content":{"rendered":"<p> O d\u00e9ficit na <strong><em>balan\u00e7a comercial<\/em><\/strong> em 2014 j\u00e1 chegou a US$ 4,784 bilh\u00f5es, informou o Minist\u00e9rio do Desenvolvimento, Ind\u00fastria e Com\u00e9rcio Exterior. De janeiro at\u00e9 o dia 21 de dezembro, as exporta\u00e7\u00f5es totalizam US$ 220,329 bilh\u00f5es e as importa\u00e7\u00f5es, US$ 225,113 bilh\u00f5es.<\/p>\n<p>S\u00f3 na terceira semana deste m\u00eas, a balan\u00e7a comercial registrou d\u00e9ficit de US$ 1,339 bilh\u00e3o, com exporta\u00e7\u00f5es no valor de US$ 4,131 bilh\u00f5es e importa\u00e7\u00f5es de US$ 5,470 bilh\u00f5es. Com o resultado, o saldo acumulado no m\u00eas \u00e9 negativo em US$ 561 milh\u00f5es, com exporta\u00e7\u00f5es em US$ 12,719 bilh\u00f5es e importa\u00e7\u00f5es, em US$ 13,280 bilh\u00f5es.<\/p>\n<p>De acordo com o minist\u00e9rio, nas exporta\u00e7\u00f5es, se comparadas as m\u00e9dias do m\u00eas at\u00e9 a terceira semana de dezembro com o mesmo per\u00edodo do ano passado, a balan\u00e7a sofreu influ\u00eancia da diminui\u00e7\u00e3o em 14,6% nas vendas de produtos manufaturados, como \u00f3leos combust\u00edveis, autom\u00f3veis de passageiros, motores e geradores, ve\u00edculos de carga, avi\u00f5es e motores para ve\u00edculo.<\/p>\n<p>Nos semimanufaturados, houve queda de 11,2% pela redu\u00e7\u00e3o na venda de alum\u00ednio em bruto, \u00f3leo de soja em bruto, ferro-ligas, celulose, a\u00e7\u00facar em bruto e ouro em forma semimanufaturada. Para os b\u00e1sicos, a queda chegou a 10,1%, e o destaque \u00e9 a exporta\u00e7\u00e3o de min\u00e9rio de ferro, farelo de soja, min\u00e9rio de cobre e carne bovina.<\/p>\n<p>Nas importa\u00e7\u00f5es, no mesmo per\u00edodo, cresceram os gastos, principalmente em 2014 com combust\u00edveis e lubrificantes (31,3%), pl\u00e1sticos e obras (8,3%), qu\u00edmicos org\u00e2nicos\/inorg\u00e2nicos (7,4%), farmac\u00eauticos (7,4%), instrumentos de \u00f3tica e precis\u00e3o (5,0%) e equipamentos eletroeletr\u00f4nicos (4,7%).<\/p>\n<p>Daniel Lima &#8211; Rep\u00f3rter da Ag\u00eancia Brasil<br \/>\nEdi\u00e7\u00e3o: Jorge Wamburg<\/p>\n","protected":false},"excerpt":{"rendered":"<p>O d\u00e9ficit na balan\u00e7a comercial em 2014 j\u00e1 chegou a US$ 4,784 bilh\u00f5es, informou o Minist\u00e9rio do Desenvolvimento, Ind\u00fastria e Com\u00e9rcio Exterior. De janeiro at\u00e9 o dia 21 de dezembro, as exporta\u00e7\u00f5es totalizam US$ 220,329 bilh\u00f5es e as importa\u00e7\u00f5es, US$ 225,113 bilh\u00f5es. S\u00f3 na terceira semana deste m\u00eas, a balan\u00e7a comercial registrou d\u00e9ficit de US$ [&hellip;]<\/p>\n","protected":false},"author":2,"featured_media":57583,"comment_status":"open","ping_status":"closed","sticky":false,"template":"","format":"standard","meta":{"_genesis_hide_title":false,"_genesis_hide_breadcrumbs":false,"_genesis_hide_singular_image":false,"_genesis_hide_footer_widgets":false,"_genesis_custom_body_class":"","_genesis_custom_post_class":"","_genesis_layout":"","_jetpack_memberships_contains_paid_content":false,"footnotes":""},"categories":[22,7],"tags":[],"class_list":{"0":"post-64091","1":"post","2":"type-post","3":"status-publish","4":"format-standard","5":"has-post-thumbnail","7":"category-brasil","8":"category-economia","9":"entry","10":"gs-1","11":"gs-odd","12":"gs-even","13":"gs-featured-content-entry"},"jetpack_featured_media_url":"https:\/\/www.redenoticia.com.br\/noticia\/imagens\/economia-grafico.jpg","jetpack_sharing_enabled":true,"jetpack_likes_enabled":true,"_links":{"self":[{"href":"https:\/\/www.redenoticia.com.br\/noticia\/wp-json\/wp\/v2\/posts\/64091","targetHints":{"allow":["GET"]}}],"collection":[{"href":"https:\/\/www.redenoticia.com.br\/noticia\/wp-json\/wp\/v2\/posts"}],"about":[{"href":"https:\/\/www.redenoticia.com.br\/noticia\/wp-json\/wp\/v2\/types\/post"}],"author":[{"embeddable":true,"href":"https:\/\/www.redenoticia.com.br\/noticia\/wp-json\/wp\/v2\/users\/2"}],"replies":[{"embeddable":true,"href":"https:\/\/www.redenoticia.com.br\/noticia\/wp-json\/wp\/v2\/comments?post=64091"}],"version-history":[{"count":0,"href":"https:\/\/www.redenoticia.com.br\/noticia\/wp-json\/wp\/v2\/posts\/64091\/revisions"}],"wp:featuredmedia":[{"embeddable":true,"href":"https:\/\/www.redenoticia.com.br\/noticia\/wp-json\/wp\/v2\/media\/57583"}],"wp:attachment":[{"href":"https:\/\/www.redenoticia.com.br\/noticia\/wp-json\/wp\/v2\/media?parent=64091"}],"wp:term":[{"taxonomy":"category","embeddable":true,"href":"https:\/\/www.redenoticia.com.br\/noticia\/wp-json\/wp\/v2\/categories?post=64091"},{"taxonomy":"post_tag","embeddable":true,"href":"https:\/\/www.redenoticia.com.br\/noticia\/wp-json\/wp\/v2\/tags?post=64091"}],"curies":[{"name":"wp","href":"https:\/\/api.w.org\/{rel}","templated":true}]}}