{"id":64087,"date":"2014-12-23T09:14:13","date_gmt":"2014-12-23T11:14:13","guid":{"rendered":"http:\/\/www.redenoticia.com.br\/noticia\/?p=64087"},"modified":"2014-12-23T09:14:13","modified_gmt":"2014-12-23T11:14:13","slug":"governo-do-estado-de-sao-paulo-inaugura-biblioteca-parque-villa-lobos","status":"publish","type":"post","link":"https:\/\/www.redenoticia.com.br\/noticia\/2014\/governo-do-estado-de-sao-paulo-inaugura-biblioteca-parque-villa-lobos\/64087","title":{"rendered":"Governo do Estado de S\u00e3o Paulo inaugura Biblioteca Parque Villa-Lobos"},"content":{"rendered":"<p> O Governador Geraldo Alckmin inaugurou a <strong><em>Biblioteca Parque Villa-Lobos<\/em><\/strong>, localizada dentro do parque, ao lado do Orquid\u00e1rio Ruth Cardoso, zona oeste de S\u00e3o Paulo, com a presen\u00e7a do Secretario da Cultura Marcelo Mattos Araujo e do Secret\u00e1rio do Meio Ambiente Rubens Naman Rizek Junior. A nova biblioteca p\u00fablica segue o modelo e a experi\u00eancia j\u00e1 adquirida na Biblioteca de S\u00e3o Paulo (BSP), tamb\u00e9m da Secretaria da Cultura e instalada no Parque da Juventude. Segue ainda o modelo de bibliotecas parques, que \u00e9 um sucesso em pa\u00edses como o Chile e a Col\u00f4mbia, e em casos brasileiros, como o do Rio de Janeiro. A Biblioteca funcionar\u00e1 de ter\u00e7a a domingo, das 10 \u00e0s 19 horas.<\/p>\n<p>Em parceria com a Secretaria do Meio Ambiente &#8211; que cedeu o pr\u00e9dio- o investimento total foi de R$ 9,2 milh\u00f5es e nova Biblioteca est\u00e1 instalada em uma \u00e1rea de 4.000 m\u00b2. O foco do acervo, que hoje j\u00e1 conta com mais de 15 mil t\u00edtulos, \u00e9 em literatura, atualidades e meio ambiente. O novo equipamento tem como principal objetivo promover a literatura e estimular a leitura, oferecendo um ambiente aconchegante, convidativo, que conta com programa\u00e7\u00e3o cultural intensa e informa\u00e7\u00e3o em v\u00e1rias m\u00eddias \u2013 incluindo jogos eletr\u00f4nicos \u2013 como estrat\u00e9gia para atrair o p\u00fablico.<\/p>\n<p>Com a implanta\u00e7\u00e3o de uma nova biblioteca, que vem para somar com a rede de bibliotecas do SISEB, o intuito da Secretaria de Estado da Cultura \u00e9 estreitar ainda mais o contato do p\u00fablico com a leitura \u2013 atualmente mais de 300 mil pessoas s\u00e3o atendidas gratuitamente todos os anos pela Biblioteca de S\u00e3o Paulo, aproximando os jovens desses espa\u00e7os. Inclusive a programa\u00e7\u00e3o conta com cursos de idiomas e inform\u00e1tica, oficinas, espa\u00e7o +60, palestras com autores e atividades com acessibilidade.<\/p>\n<p>Al\u00e9m disso, as bibliotecas s\u00e3o espa\u00e7os de cria\u00e7\u00e3o e n\u00e3o somente de acesso e dissemina\u00e7\u00e3o do que j\u00e1 est\u00e1 registrado em algum suporte. Assim, alinhada \u00e0s tend\u00eancias internacionais, como a experi\u00eancia da Charlotte Mecklenburg Library and ImaginOn (EUA), ser\u00e3o intensificadas atividades que permitam a produ\u00e7\u00e3o de conte\u00fados pela comunidade. \u201cEsse foco ser\u00e1 dado especialmente aos jovens, que ter\u00e3o \u00e0 disposi\u00e7\u00e3o nos espa\u00e7os de criatividade uma s\u00e9rie de equipamentos (computadores, softwares espec\u00edficos, c\u00e2meras de v\u00eddeo, mesa de edi\u00e7\u00e3o, entre outros), que permitam dar vaz\u00e3o \u00e0 imagina\u00e7\u00e3o e produ\u00e7\u00e3o de conte\u00fados locais\u201d, afirma a coordenadora da Unidade de Biblioteca e Leitura Adriana Cybele Ferrari. A Biblioteca Parque Villa Lobos, assim como a BSP, ser\u00e1 mais um espa\u00e7o preparado para que crian\u00e7as e jovens possam aprender, criar e desenvolver habilidades que estimulem a criatividade, o pensamento cr\u00edtico, a solu\u00e7\u00e3o de problemas, a coopera\u00e7\u00e3o e a comunica\u00e7\u00e3o. As artes tamb\u00e9m ter\u00e3o espa\u00e7o garantido na biblioteca.<\/p>\n<p>Na BVL, o s\u00f3cio ter\u00e1 acesso a duas horas de uso do computador por dia para navegar na internet, ouvir m\u00fasica ou assistir filmes do acervo. O espa\u00e7o tamb\u00e9m oferecer\u00e1 wi-fi de gra\u00e7a para os visitantes. Al\u00e9m do acesso \u00e0 internet gratuita, o p\u00fablico encontrar\u00e1 equipamentos modernos, como os livros eletr\u00f4nicos (Kindles) e acervo atualizado, com lan\u00e7amentos do mercado editorial brasileiro, best-sellers e livros para todas as faixas et\u00e1rias \u2013 desde beb\u00eas at\u00e9 adultos. Constam no cat\u00e1logo DVDs de filmes e musicais, hist\u00f3rias em quadrinhos (HQs), al\u00e9m de jornais e revistas. Obras sobre Heitor Villa-Lobos e C\u00e2ndido Portinari, patronos do parque, tamb\u00e9m est\u00e3o \u00e0 disposi\u00e7\u00e3o.<\/p>\n<p>O espa\u00e7o vai contar ainda com jogos de tabuleiro, games para computador, RPG e brinquedos. O acervo da BVL ser\u00e1 circulante, ou seja, oferecer\u00e1 servi\u00e7o cont\u00ednuo de empr\u00e9stimo de livros, site com cat\u00e1logo on-line, reserva de t\u00edtulos presencial e on-line, servi\u00e7o de sugest\u00e3o e indica\u00e7\u00e3o de novos t\u00edtulos efetuados pelos s\u00f3cios. O crescimento do acervo ser\u00e1 de tr\u00eas mil unidades por ano.<\/p>\n<p>A Biblioteca Parque Villa-Lobos oferecer\u00e1, em seus programas permanentes, atividades culturais como oficinas, cursos, saraus, conta\u00e7\u00e3o de hist\u00f3rias e clube de leitura, voltados para todos os p\u00fablicos. E mais: vai promover palestras, debates, exposi\u00e7\u00f5es, apresenta\u00e7\u00f5es musicais e teatrais, e atividades para divulgar as express\u00f5es art\u00edsticas da comunidade local.<\/p>\n<p>Pessoas com defici\u00eancia tamb\u00e9m ter\u00e3o acesso integral a todos os ambientes e ao acervo, com aux\u00edlio de equipamentos especializados e funcion\u00e1rios treinados. Entre os aparelhos de tecnologia assistiva est\u00e3o folheador de p\u00e1ginas, mesa ergon\u00f4mica, leitora aut\u00f4noma, reprodutor de \u00e1udio, r\u00e9gua braile, teclado e mouse adaptados, computador com leitor de tela e ampliador de caracteres. J\u00e1 as pessoas com defici\u00eancia visual v\u00e3o ter acesso ao acervo em braile, livros falados e audiolivros.<\/p>\n<p>Aos domingos, desde o lan\u00e7amento do projeto em mar\u00e7o passado, o programa Domingo nos Parques vem sendo realizado ao lado das futuras instala\u00e7\u00f5es da Biblioteca para introduzir atividades relacionadas ao livro e \u00e0 leitura no espa\u00e7o. A programa\u00e7\u00e3o acontece em tendas, incluindo conta\u00e7\u00e3o de hist\u00f3rias e media\u00e7\u00e3o de leitura. O Domingo nos Parques vem atraindo centenas de pessoas a cada edi\u00e7\u00e3o.<\/p>\n","protected":false},"excerpt":{"rendered":"<p>O Governador Geraldo Alckmin inaugurou a Biblioteca Parque Villa-Lobos, localizada dentro do parque, ao lado do Orquid\u00e1rio Ruth Cardoso, zona oeste de S\u00e3o Paulo, com a presen\u00e7a do Secretario da Cultura Marcelo Mattos Araujo e do Secret\u00e1rio do Meio Ambiente Rubens Naman Rizek Junior. A nova biblioteca p\u00fablica segue o modelo e a experi\u00eancia j\u00e1 [&hellip;]<\/p>\n","protected":false},"author":2,"featured_media":34821,"comment_status":"open","ping_status":"closed","sticky":false,"template":"","format":"standard","meta":{"_genesis_hide_title":false,"_genesis_hide_breadcrumbs":false,"_genesis_hide_singular_image":false,"_genesis_hide_footer_widgets":false,"_genesis_custom_body_class":"","_genesis_custom_post_class":"","_genesis_layout":"","_jetpack_memberships_contains_paid_content":false,"footnotes":""},"categories":[22],"tags":[],"class_list":{"0":"post-64087","1":"post","2":"type-post","3":"status-publish","4":"format-standard","5":"has-post-thumbnail","7":"category-brasil","8":"entry","9":"gs-1","10":"gs-odd","11":"gs-even","12":"gs-featured-content-entry"},"jetpack_featured_media_url":"https:\/\/www.redenoticia.com.br\/noticia\/imagens\/livro1.jpg","jetpack_sharing_enabled":true,"jetpack_likes_enabled":true,"_links":{"self":[{"href":"https:\/\/www.redenoticia.com.br\/noticia\/wp-json\/wp\/v2\/posts\/64087","targetHints":{"allow":["GET"]}}],"collection":[{"href":"https:\/\/www.redenoticia.com.br\/noticia\/wp-json\/wp\/v2\/posts"}],"about":[{"href":"https:\/\/www.redenoticia.com.br\/noticia\/wp-json\/wp\/v2\/types\/post"}],"author":[{"embeddable":true,"href":"https:\/\/www.redenoticia.com.br\/noticia\/wp-json\/wp\/v2\/users\/2"}],"replies":[{"embeddable":true,"href":"https:\/\/www.redenoticia.com.br\/noticia\/wp-json\/wp\/v2\/comments?post=64087"}],"version-history":[{"count":0,"href":"https:\/\/www.redenoticia.com.br\/noticia\/wp-json\/wp\/v2\/posts\/64087\/revisions"}],"wp:featuredmedia":[{"embeddable":true,"href":"https:\/\/www.redenoticia.com.br\/noticia\/wp-json\/wp\/v2\/media\/34821"}],"wp:attachment":[{"href":"https:\/\/www.redenoticia.com.br\/noticia\/wp-json\/wp\/v2\/media?parent=64087"}],"wp:term":[{"taxonomy":"category","embeddable":true,"href":"https:\/\/www.redenoticia.com.br\/noticia\/wp-json\/wp\/v2\/categories?post=64087"},{"taxonomy":"post_tag","embeddable":true,"href":"https:\/\/www.redenoticia.com.br\/noticia\/wp-json\/wp\/v2\/tags?post=64087"}],"curies":[{"name":"wp","href":"https:\/\/api.w.org\/{rel}","templated":true}]}}